{"id":556,"date":"2019-02-13T13:41:41","date_gmt":"2019-02-13T12:41:41","guid":{"rendered":"https:\/\/ih.olsztyn.pl\/?p=556"},"modified":"2019-02-15T15:08:54","modified_gmt":"2019-02-15T14:08:54","slug":"walentynkowa-konferencja-w-uokik","status":"publish","type":"post","link":"https:\/\/ih.olsztyn.pl\/index.php\/2019\/02\/13\/walentynkowa-konferencja-w-uokik\/","title":{"rendered":"Walentynkowa konferencja w UOKiK"},"content":{"rendered":"<p><strong>Walentynki na \u015bwie\u017cym powietrzu?<\/strong> Mo\u017ce si\u0119 przyda\u0107 maska antysmogowa. \ud83d\ude09<\/p>\n<p>Po raz kolejny sprawdzili\u015bmy, czy jeste\u015bmy dobrze chronieni. Opowiemy o tym <strong>14 lutego, w czwartek,<\/strong> na konferencji prasowej.<\/p>\n<p>Sp\u0119d\u017a Walentynki z UOKiK. \ud83d\ude09<\/p>\n<p>Zapraszamy dziennikarzy o <strong>godz. 10:30<\/strong> do Centrum Konferencyjnego UOKiK przy Pl. Powsta\u0144c\u00f3w Warszawy 1.<\/p>\n<p>&nbsp;<\/p>\n<p><strong>Biuro Prasowe UOKiK<\/strong><\/p>\n<p>Powsta\u0144c\u00f3w Warszawy 1, 00-950 Warszawa<\/p>\n<p>tel.: 22 55 60 111,\u00a0695 902 088<\/p>\n<p>e-mail: <a href=\"mailto:biuroprasowe@uokik.gov.pl\">biuroprasowe@uokik.gov.pl<\/a><\/p>\n<p>twitter: <a href=\"https:\/\/app.getresponse.com\/click.html?x=a62b&amp;lc=Bk6GRN&amp;mc=FF&amp;s=wnJZUR&amp;u=j1ud&amp;y=V&amp;\">@UOKiKgovPL<\/a><\/p>\n","protected":false},"excerpt":{"rendered":"<p>Walentynki na \u015bwie\u017cym powietrzu? Mo\u017ce si\u0119 przyda\u0107 maska antysmogowa. \ud83d\ude09 Po raz kolejny sprawdzili\u015bmy, czy jeste\u015bmy dobrze chronieni. Opowiemy o tym 14 lutego, w czwartek, na konferencji prasowej. Sp\u0119d\u017a Walentynki z UOKiK. \ud83d\ude09 Zapraszamy dziennikarzy o godz. 10:30 do Centrum Konferencyjnego UOKiK przy Pl. Powsta\u0144c\u00f3w Warszawy 1. &nbsp; Biuro Prasowe UOKiK Powsta\u0144c\u00f3w Warszawy 1, 00-950 [&hellip;]<\/p>\n","protected":false},"author":1,"featured_media":0,"comment_status":"closed","ping_status":"closed","sticky":false,"template":"","format":"standard","meta":{"cybocfi_hide_featured_image":"","footnotes":""},"categories":[1],"tags":[],"class_list":["post-556","post","type-post","status-publish","format-standard","hentry","category-news"],"_links":{"self":[{"href":"https:\/\/ih.olsztyn.pl\/index.php\/wp-json\/wp\/v2\/posts\/556","targetHints":{"allow":["GET"]}}],"collection":[{"href":"https:\/\/ih.olsztyn.pl\/index.php\/wp-json\/wp\/v2\/posts"}],"about":[{"href":"https:\/\/ih.olsztyn.pl\/index.php\/wp-json\/wp\/v2\/types\/post"}],"author":[{"embeddable":true,"href":"https:\/\/ih.olsztyn.pl\/index.php\/wp-json\/wp\/v2\/users\/1"}],"replies":[{"embeddable":true,"href":"https:\/\/ih.olsztyn.pl\/index.php\/wp-json\/wp\/v2\/comments?post=556"}],"version-history":[{"count":1,"href":"https:\/\/ih.olsztyn.pl\/index.php\/wp-json\/wp\/v2\/posts\/556\/revisions"}],"predecessor-version":[{"id":557,"href":"https:\/\/ih.olsztyn.pl\/index.php\/wp-json\/wp\/v2\/posts\/556\/revisions\/557"}],"wp:attachment":[{"href":"https:\/\/ih.olsztyn.pl\/index.php\/wp-json\/wp\/v2\/media?parent=556"}],"wp:term":[{"taxonomy":"category","embeddable":true,"href":"https:\/\/ih.olsztyn.pl\/index.php\/wp-json\/wp\/v2\/categories?post=556"},{"taxonomy":"post_tag","embeddable":true,"href":"https:\/\/ih.olsztyn.pl\/index.php\/wp-json\/wp\/v2\/tags?post=556"}],"curies":[{"name":"wp","href":"https:\/\/api.w.org\/{rel}","templated":true}]}}