{"id":361,"date":"2018-06-26T13:53:49","date_gmt":"2018-06-26T11:53:49","guid":{"rendered":"http:\/\/ih.olsztyn.pl\/?p=361"},"modified":"2018-07-06T09:54:27","modified_gmt":"2018-07-06T07:54:27","slug":"kupujemy-mamy-prawa-mamy-wybor","status":"publish","type":"post","link":"https:\/\/ih.olsztyn.pl\/index.php\/2018\/06\/26\/kupujemy-mamy-prawa-mamy-wybor\/","title":{"rendered":"KUPUJEMY:  MAMY PRAWA , MAMY WYB\u00d3R"},"content":{"rendered":"<p><!--more--><\/p>\n<p><strong>WARMI\u0143SKO \u2013 MAZURSKI WOJEW\u00d3DZKI INSPEKTOR<\/strong><\/p>\n<p><strong>INSPEKCJI HANDLOWEJ<\/strong><\/p>\n<p><strong>\u00a0<\/strong><\/p>\n<p><strong>Serdecznie zaprasza mieszka\u0144c\u00f3w E\u0142ku i okolic we wtorek 26 czerwca 2018r. o godz. 18.00 <\/strong><\/p>\n<p><strong>w Hotelu Rydzewski<\/strong><\/p>\n<p><strong>\u00a0na spotkanie z prawami konsumenta pod tytu\u0142em:<\/strong><\/p>\n<p>&nbsp;<\/p>\n<p><strong>&#8222;KUPUJEMY:<\/strong><\/p>\n<p><strong>MAMY PRAWA , MAMY WYB\u00d3R&#8221;.<\/strong><\/p>\n<p>&nbsp;<\/p>\n<p><strong>W programie:<\/strong><\/p>\n<p><strong>\u00a0<\/strong><\/p>\n<ul>\n<li><strong> Ile mi\u0119sa w mi\u0119sie, ile ryby w rybie ?<\/strong><\/li>\n<\/ul>\n<p><strong>\u00a0<\/strong><\/p>\n<ul>\n<li><strong> Czy jeste\u015bmy oszukiwani podczas zakup\u00f3w?<\/strong><\/li>\n<\/ul>\n<p><strong>\u00a0<\/strong><\/p>\n<ul>\n<li><strong> Jakie\u00a0mamy prawa w sklepie, w internecie, na pokazie?<\/strong><\/li>\n<\/ul>\n<p><strong>\u00a0<\/strong><\/p>\n<ul>\n<li><strong> Gwarancja czy r\u0119kojmia\u00a0 &#8211; co lepsze ?<\/strong><\/li>\n<\/ul>\n<p><strong>\u00a0<\/strong><\/p>\n<ul>\n<li><strong>\u201eE\u201d w sk\u0142adzie &#8211; czy to trucizna?\u00a0 <\/strong><\/li>\n<\/ul>\n<p><strong>\u00a0<\/strong><\/p>\n<ul>\n<li><strong> Co zrobi\u0107, gdy stali\u015bmy si\u0119 ofiar\u0105 nieuczciwego sprzedawcy?\u00a0<\/strong><\/li>\n<\/ul>\n<p><strong>\u00a0<\/strong><\/p>\n<p><strong>Spotkanie odbywa si\u0119 pod auspicjami Pos\u0142a na Sejm RP<\/strong><\/p>\n<p><strong>Pana Wojciecha Kossakowskiego<\/strong><\/p>\n<p><strong>\u00a0<\/strong><\/p>\n<p><strong>Zapraszam<\/strong><\/p>\n<p>&nbsp;<\/p>\n<p><strong><em>WARMI\u0143SKO- MAZURSKI <\/em><\/strong><\/p>\n<p><strong><em>WOJEW\u00d3DZKI INSPEKTOR <\/em><\/strong><\/p>\n<p><strong><em>INSPEKCJI\u00a0 \u00a0 \u00a0 \u00a0HANDLOWEJ<\/em><\/strong><\/p>\n<p><strong>\u00a0<\/strong><\/p>\n<p><strong><em>Krzysztof Wojciechowski<\/em><\/strong><\/p>\n<p>&nbsp;<\/p>\n","protected":false},"excerpt":{"rendered":"","protected":false},"author":1,"featured_media":0,"comment_status":"closed","ping_status":"closed","sticky":false,"template":"","format":"standard","meta":{"cybocfi_hide_featured_image":"","footnotes":""},"categories":[1],"tags":[],"class_list":["post-361","post","type-post","status-publish","format-standard","hentry","category-news"],"_links":{"self":[{"href":"https:\/\/ih.olsztyn.pl\/index.php\/wp-json\/wp\/v2\/posts\/361","targetHints":{"allow":["GET"]}}],"collection":[{"href":"https:\/\/ih.olsztyn.pl\/index.php\/wp-json\/wp\/v2\/posts"}],"about":[{"href":"https:\/\/ih.olsztyn.pl\/index.php\/wp-json\/wp\/v2\/types\/post"}],"author":[{"embeddable":true,"href":"https:\/\/ih.olsztyn.pl\/index.php\/wp-json\/wp\/v2\/users\/1"}],"replies":[{"embeddable":true,"href":"https:\/\/ih.olsztyn.pl\/index.php\/wp-json\/wp\/v2\/comments?post=361"}],"version-history":[{"count":2,"href":"https:\/\/ih.olsztyn.pl\/index.php\/wp-json\/wp\/v2\/posts\/361\/revisions"}],"predecessor-version":[{"id":363,"href":"https:\/\/ih.olsztyn.pl\/index.php\/wp-json\/wp\/v2\/posts\/361\/revisions\/363"}],"wp:attachment":[{"href":"https:\/\/ih.olsztyn.pl\/index.php\/wp-json\/wp\/v2\/media?parent=361"}],"wp:term":[{"taxonomy":"category","embeddable":true,"href":"https:\/\/ih.olsztyn.pl\/index.php\/wp-json\/wp\/v2\/categories?post=361"},{"taxonomy":"post_tag","embeddable":true,"href":"https:\/\/ih.olsztyn.pl\/index.php\/wp-json\/wp\/v2\/tags?post=361"}],"curies":[{"name":"wp","href":"https:\/\/api.w.org\/{rel}","templated":true}]}}