{"id":356,"date":"2018-06-19T10:11:32","date_gmt":"2018-06-19T08:11:32","guid":{"rendered":"http:\/\/ih.olsztyn.pl\/?p=356"},"modified":"2018-07-06T09:54:01","modified_gmt":"2018-07-06T07:54:01","slug":"uokik-przed-wakacjami-co-warto-wiedziec","status":"publish","type":"post","link":"https:\/\/ih.olsztyn.pl\/index.php\/2018\/06\/19\/uokik-przed-wakacjami-co-warto-wiedziec\/","title":{"rendered":"UOKiK &#8211; Przed wakacjami &#8211; co warto wiedzie\u0107?"},"content":{"rendered":"<p><!--more--><\/p>\n<p>PRZED WAKACJAMI \u2013 CO WARTO WIEDZIE\u0106?<\/p>\n<ul>\n<li><strong>Ju\u017c po raz dziewi\u0105ty 53 instytucje wsp\u00f3lnie przypominaj\u0105 konsumentom, o czym pami\u0119ta\u0107 w czasie urlopu.<\/strong><\/li>\n<li><strong>UOKiK radzi, jak po 1 lipca zmieniaj\u0105 si\u0119 zasady reklamacji imprez turystycznych, kiedy biuro podr\u00f3\u017cy mo\u017ce podnie\u015b\u0107 cen\u0119 i co zrobi\u0107, gdy bankrutuje.<\/strong><\/li>\n<li><strong>Wejd\u017a tak\u017ce na strony internetowe innych uczestnik\u00f3w akcji informacyjnej \u201ePrzed wakacjami \u2013 co warto wiedzie\u0107\u201d.<\/strong><\/li>\n<\/ul>\n<p>&nbsp;<\/p>\n<p><strong>[Warszawa, 19 czerwca 2018 r.] <\/strong>1 lipca wchodz\u0105 w \u017cycie nowe <a href=\"http:\/\/prawo.sejm.gov.pl\/isap.nsf\/download.xsp\/WDU20170002361\/U\/D20172361Lj.pdf\">przepisy dotycz\u0105ce imprez turystycznych i us\u0142ug powi\u0105zanych<\/a> (do um\u00f3w podpisanych przed t\u0105 dat\u0105 stosuje si\u0119 <a href=\"https:\/\/www.uokik.gov.pl\/aktualnosci.php?news_id=13271\">dotychczasowe zasady<\/a>). Dzi\u0119ki nim konsumenci z ca\u0142ej Unii Europejskiej b\u0119d\u0105 chronieni na takim samym poziomie. Nowa ustawa uwzgl\u0119dnia te\u017c mo\u017cliwo\u015bci, jakie daje internet \u2013 m.in. kupowanie on-line pakiet\u00f3w us\u0142ug turystycznych, czyli np. lotu i hotelu. Zmieni\u0105 si\u0119 te\u017c troch\u0119 zasady reklamacji wyjazd\u00f3w, podwy\u017cszania cen wycieczki czy rozwi\u0105zania umowy. Podr\u00f3\u017cni zyskaj\u0105 wi\u0119cej praw w przypadku niewyp\u0142acalno\u015bci organizatora wypoczynku.<\/p>\n<p><strong>Cena wzrasta o ponad 8 proc.? Mo\u017cesz odst\u0105pi\u0107 od umowy <\/strong><\/p>\n<p>Wed\u0142ug nowych przepis\u00f3w je\u015bli organizator wyjazdu podniesie cen\u0119 o wi\u0119cej ni\u017c 8 proc., mo\u017cesz odst\u0105pi\u0107 od umowy i nie poniesiesz \u017cadnych koszt\u00f3w. Co wi\u0119cej, gdy biuro podr\u00f3\u017cy zastrzeg\u0142o w umowie, \u017ce wycieczka mo\u017ce podro\u017ce\u0107, je\u015bli np. wzrosn\u0105 ceny paliwa, to w odwrotnej sytuacji musi obni\u017cy\u0107 cen\u0119 imprezy.<\/p>\n<p>Nie zmienia si\u0119, \u017ce organizator wyjazdu mo\u017ce podnie\u015b\u0107 cen\u0119 najp\u00f3\u017aniej na trzy tygodnie przed wyjazdem. Nadal ma do tego prawo tylko w trzech przypadkach:<\/p>\n<ul>\n<li>gdy podro\u017ceje transport, np. z powodu podwy\u017cek cen paliwa,<\/li>\n<li>gdy wzrosn\u0105 podatki lub op\u0142aty od us\u0142ug turystycznych, np. lotniskowe,<\/li>\n<li>gdy wzrosn\u0105 kursy walut.<\/li>\n<\/ul>\n<p>Mo\u017cliwo\u015b\u0107 podwy\u017cki ceny organizator musi wpisa\u0107 do umowy, inaczej nie mo\u017ce jej zmieni\u0107.<\/p>\n<p><strong>Rezygnujesz, bo wybuch\u0142 wulkan? Nie p\u0142acisz odst\u0119pnego<\/strong><\/p>\n<p>Nowo\u015bci\u0105 jest tak\u017ce, \u017ce b\u0119dziesz m\u00f3g\u0142 bez konsekwencji odst\u0105pi\u0107 od umowy, gdy wyst\u0105pi\u0105 nadzwyczajne okoliczno\u015bci w miejscu wyjazdu, np. panuje tam epidemia, wybuchnie wulkan, jest zagro\u017cenie terroryzmem. W takim przypadku organizator zwr\u00f3ci ci wp\u0142acone pieni\u0105dze w ci\u0105gu 14 dni.<\/p>\n<p>Tak jak do tej pory nie poniesiesz koszt\u00f3w rezygnacji tak\u017ce wtedy, gdy biuro podr\u00f3\u017cy zmieni g\u0142\u00f3wne warunki imprezy, np. jej miejsce, czas trwania czy rodzaj \u015brodka transportu. Gdy jednak wprowadzi do programu imprezy nieznaczne zmiany i zastrzeg\u0142 sobie do tego prawo w umowie, takiego prawa nie masz.<\/p>\n<p>Ponadto nowe przepisy daj\u0105 mo\u017cliwo\u015bci odst\u0105pienia w ci\u0105gu 14 dni od umowy zawartej poza lokalem firmy np. u ciebie w domu, ale tylko gdy nie by\u0142o to wynikiem twojej wcze\u015bniejszej inicjatywy. Oznacza to, \u017ce nie b\u0119dziesz m\u00f3g\u0142 zrezygnowa\u0107 bez ponoszenia konsekwencji, np. je\u015bli wcze\u015bniej zadzwoni\u0142e\u015b do biura podr\u00f3\u017cy i zaprosi\u0142e\u015b agenta do siebie.<\/p>\n<p>Mo\u017cesz rozwi\u0105za\u0107 umow\u0119 tak\u017ce w innych sytuacjach, np. z powod\u00f3w osobistych. Wtedy jednak musisz si\u0119 liczy\u0107 z tym, \u017ce biuro podr\u00f3\u017cy potr\u0105ci sobie uzasadnion\u0105 op\u0142at\u0119 za odst\u0105pienie. Zgodnie z nowymi przepisami mo\u017ce wpisa\u0107 do umowy, ile ta op\u0142ata wyniesie w zale\u017cno\u015bci od czasu, w jakim odst\u0105pisz od umowy. Na \u017c\u0105danie klienta organizator musi przedstawi\u0107 uzasadnienie wysoko\u015bci tych op\u0142at.<\/p>\n<p><strong>Za ma\u0142o uczestnik\u00f3w? S\u0105 terminy, w jakich biuro musi ci\u0119 zawiadomi\u0107<\/strong><\/p>\n<p>Biuro podr\u00f3\u017cy tak jak dotychczas mo\u017ce zastrzec w umowie, \u017ce impreza si\u0119 nie odb\u0119dzie, je\u015bli zg\u0142osi si\u0119 zbyt ma\u0142o uczestnik\u00f3w. Do tej pory organizator sam okre\u015bla\u0142 w umowie, do kiedy mo\u017ce j\u0105 odwo\u0142a\u0107. Nowe przepisy wskazuj\u0105 konkretne terminy, w jakich najp\u00f3\u017aniej mo\u017ce to zrobi\u0107:<\/p>\n<ul>\n<li>20 dni przed imprez\u0105, kt\u00f3ra trwa ponad 6 dni,<\/li>\n<li>7 dni przed imprez\u0105, kt\u00f3ra trwa 2-6 dni,<\/li>\n<li>48 godzin przed imprez\u0105, kt\u00f3ra jest kr\u00f3tsza ni\u017c 2 dni.<\/li>\n<\/ul>\n<p>Biuro podr\u00f3\u017cy zwraca wtedy turystom wszystkie wp\u0142aty w ci\u0105gu 14 dni, ale nie p\u0142aci im odszkodowania.<\/p>\n<p><strong>Jeste\u015b niezadowolony? Masz 3 lata na dochodzenie roszcze\u0144<\/strong><\/p>\n<p>Do tej pory mog\u0142e\u015b z\u0142o\u017cy\u0107 reklamacj\u0119 w ci\u0105gu 30 dni po zako\u0144czeniu wycieczki. Po 1 lipca ten termin znika. Zastrze\u017cenia do jako\u015bci us\u0142ug powiniene\u015b zg\u0142osi\u0107 jak najszybciej \u2013 najlepiej jeszcze w trakcie wyjazdu. Dzi\u0119ki temu, organizator b\u0119dzie mia\u0142 szans\u0119 usun\u0105\u0107 nieprawid\u0142owo\u015bci. Jednak swoich praw b\u0119dziesz m\u00f3g\u0142 dochodzi\u0107 przez 3 lata \u2013 dopiero wtedy twoje roszczenia si\u0119 przedawni\u0105. W praktyce oznacza to, \u017ce reklamacj\u0119 mo\u017cesz z\u0142o\u017cy\u0107 nawet po 2 latach i 11 miesi\u0105cach, je\u015bli jednak wcze\u015bniej nie zg\u0142asza\u0142e\u015b problem\u00f3w \u2013 b\u0119dzie to brane pod uwag\u0119 przy ustalaniu ewentualnej obni\u017cki ceny czy rekompensaty.<\/p>\n<p>Nowo\u015bci\u0105 jest to, \u017ce od 1 lipca reklamacj\u0119 mo\u017cesz z\u0142o\u017cy\u0107 nie tylko u organizatora wyjazdu, ale tak\u017ce u agenta, kt\u00f3ry sprzeda\u0142 ci wycieczk\u0119. Tak jak dotychczas mo\u017cesz si\u0119 domaga\u0107 obni\u017cenia ceny oraz odszkodowania lub zado\u015b\u0107uczynienia za poniesione szkody lub krzywdy.<\/p>\n<p>Jest tak\u017ce minus zmian. Do tej pory przedsi\u0119biorca musia\u0142 odpowiedzie\u0107 na reklamacj\u0119 w ci\u0105gu 30 dni. Je\u015bli tego nie zrobi\u0142, oznacza\u0142o to, \u017ce uzna\u0142 j\u0105 za uzasadnion\u0105. Nowe przepisy tej kwestii nie reguluj\u0105.<\/p>\n<p><strong>Biuro podr\u00f3\u017cy bankrutuje? Mo\u017cesz kontynuowa\u0107 urlop<\/strong><\/p>\n<p>Podr\u00f3\u017cni zyskaj\u0105 te\u017c wi\u0119cej praw w przypadku niewyp\u0142acalno\u015bci biura podr\u00f3\u017cy. Do tej pory mogli liczy\u0107 na pokrycie koszt\u00f3w powrotu do kraju i zwrot wp\u0142aconych, ale niewykorzystanych kwot. Po 1 lipca je\u015bli biuro upadnie, tury\u015bci b\u0119d\u0105 mogli kontynuowa\u0107 wypoczynek, tak jak by\u0142o to przewidziane w umowie.<\/p>\n<p><strong>Akcja \u201ePrzed wakacjami \u2013 co warto wiedzie\u0107?\u201d<\/strong><\/p>\n<p>Ju\u017c po raz dziewi\u0105ty w ramach <strong>wsp\u00f3lnej akcji \u201e<\/strong><strong>Przed wakacjami \u2013 co warto wiedzie\u0107?\u201d,<\/strong> 53 instytucje przygotowa\u0142y porady pomocne dla os\u00f3b, kt\u00f3re planuj\u0105 urlop. W tym roku dowiesz si\u0119 z nich m.in. jak zaoszcz\u0119dzi\u0107 czas przed wyjazdem, za\u0142atwiaj\u0105c formalno\u015bci on-line, jak p\u0142aci\u0107 kart\u0105 za granic\u0105 czy co mo\u017cna zrobi\u0107 w przypadku k\u0142opot\u00f3w z wynajmem samochodu. Przydatnych informacji z niemal wszystkich dziedzin \u2013 od bezpiecze\u0144stwa po kwestie zdrowotne i przyrodnicze &#8211; szukaj na stronach uczestnik\u00f3w projektu:<\/p>\n<ul>\n<li>Nowe prawa podr\u00f3\u017cnych \u2013 <a href=\"https:\/\/uokik.gov.pl\/aktualnosci.php?news_id=14468\">Urz\u0105d Ochrony Konkurencji i Konsument\u00f3w<\/a><\/li>\n<li>Jak zaoszcz\u0119dzi\u0107 czas przed wyjazdem, za\u0142atwiaj\u0105c formalno\u015bci on-line \u2013 <a href=\"https:\/\/www.gov.pl\/cyfryzacja\/jak-znalezc-wiecej-czasu-przed-wakacjami-korzystaj-z-urzedow-online\">Ministerstwo Cyfryzacji<\/a><\/li>\n<li>Co legalnie mo\u017cna przewie\u017a\u0107 przez granic\u0119, jak jest opodatkowana wakacyjna praca, dlaczego warto bra\u0107 paragon \u2013 <a href=\"https:\/\/www.mf.gov.pl\/ministerstwo-finansow\/dzialalnosc\/dzialalnosc-edukacyjna\/przewodnik-wakacyjny\">Ministerstwo Finans\u00f3w<\/a><\/li>\n<li>Korzystaj z narz\u0119dzi konsularnych MSZ i podr\u00f3\u017cuj bezpieczniej \u2013 <a href=\"https:\/\/www.msz.gov.pl\/pl\/p\/msz_pl\/aktualnosci\/wiadomosci\/przed_wakacjami___co_warto_wiedziec__\">Ministerstwo Spraw Zagranicznych<\/a><\/li>\n<li>Praktyczne kompendium wiedzy na temat wakacyjnych zni\u017cek i rabat\u00f3w dla rodzin 3+ &#8211; <a href=\"https:\/\/www.mpips.gov.pl\/aktualnosci-wszystkie\/art,5538,10023,wakacje-tansze-z-karta-duzej-rodziny.html\">Ministerstwo Rodziny, Pracy i Polityki Spo\u0142ecznej<\/a><\/li>\n<li>Odpoczywaj na wsi, korzystaj z agroturystyki &#8211; <a href=\"http:\/\/www.minrol.gov.pl\/Ministerstwo\/Biuro-Prasowe\/Informacje-Prasowe\/Przed-wakacjami-co-warto-wiedziec\">Ministerstwo Rolnictwa i Rozwoju Wsi<\/a><\/li>\n<li><a href=\"https:\/\/men.gov.pl\/wp-content\/uploads\/2018\/06\/poradnik_bezpiecznego_wypoczynku_men_lato_2018.pdf\">Poradnik bezpiecznego wypoczynku dzieci i m\u0142odzie\u017cy<\/a> oraz <a href=\"https:\/\/wypoczynek.men.gov.pl\/\">baza, w kt\u00f3rej sprawdzisz organizatora wyjazdu<\/a> \u2013 <a href=\"https:\/\/men.gov.pl\/strony\/bezpieczny-wypoczynek-poradnik-men-dla-rodzicow-i-opiekunow.html\">Ministerstwo Edukacji Narodowej<\/a><\/li>\n<li>Jedziesz za granic\u0119? Sprawd\u017a, jakich pami\u0105tek nie kupowa\u0107, aby nie narazi\u0107 si\u0119 na k\u0142opoty \u2013 <a href=\"https:\/\/www.mos.gov.pl\/aktualnosci\/szczegoly\/news\/przed-wakacjami-co-warto-wiedziec-klopotliwe-pamiatki-z-wakacji\/\">Ministerstwo \u015arodowiska<\/a><\/li>\n<li>Spokojne i bezpieczne wakacje dzi\u0119ki Turystycznemu Funduszowi Gwarancyjnemu \u2013 <a href=\"https:\/\/www.msit.gov.pl\/pl\/aktualnosci\/7822,Turysto-co-warto-wiedziec-przed-wakacjami.html\">Ministerstwo Sportu i Turystyki<\/a><\/li>\n<li><a href=\"https:\/\/www.rf.gov.pl\/sprawy-biezace\/Raport_Rzecznika_Finansowego_o_ubezpieczeniach_turystycznych___22816\">Co warto wiedzie\u0107 przed zakupem ubezpieczenia na wakacyjny wyjazd<\/a>, a tak\u017ce <a href=\"https:\/\/www.rf.gov.pl\/sprawy-biezace\/Placisz_karta_za_granica__Uwazaj_na_wielokrotne_przewalutowanie___22633\">na co uwa\u017ca\u0107, korzystaj\u0105c z karty bankowej za granic\u0105<\/a> \u2013 Rzecznik Finansowy<\/li>\n<li>Jak korzysta\u0107 z aplikacji, by nasz telefon lub smartwatch by\u0142 pomocnym przyjacielem, a nie szpiegiem \u2013 <a href=\"https:\/\/uodo.gov.pl\/173\/353\">Urz\u0105d Ochrony Danych Osobowych<\/a><\/li>\n<li>Jaki prowiant zabra\u0107 na pla\u017c\u0119, a jaki na w\u0119dr\u00f3wk\u0119? Czym i w jakich ilo\u015bciach si\u0119 ch\u0142odzi\u0107 w upa\u0142y? &#8211; <a href=\"https:\/\/ncez.pl\/abc-zywienia\/zasady-zdrowego-zywienia\/przed-wakacjami-----co-warto-wiedziec-\">Narodowe Centrum Edukacji \u017bywieniowej Instytutu \u017bywno\u015bci i \u017bywienia<\/a><\/li>\n<li>Produkty ekologiczne, regionalne i tradycyjne &#8211; <a href=\"http:\/\/ijhars.gov.pl\/index.php\/przed-wakacjami-co-warto-wiedziec.html\">G\u0142\u00f3wny Inspektorat Jako\u015bci Handlowej Artyku\u0142\u00f3w Rolno-Spo\u017cywczych<\/a><\/li>\n<li>Jak znale\u017a\u0107 w\u0142a\u015bciwy poci\u0105g, gdzie kupi\u0107 bilet, jak sprawdzi\u0107 promocje czy ulgi? Porady dla niepe\u0142nosprawnych, rodzic\u00f3w, rowerzyst\u00f3w &#8211; <a href=\"https:\/\/utk.gov.pl\/pl\/aktualnosci\/14249,Poradnik-przed-wakacjami-co-warto-wiedziec.html\">Urz\u0105d Transportu Kolejowego<\/a><\/li>\n<li>Wa\u017cne informacje dla p\u0142ywak\u00f3w, \u017ceglarzy, kajakarzy i wio\u015blarzy. Co zrobi\u0107, gdy widzimy, \u017ce kto\u015b tonie? \u2013 <a href=\"http:\/\/zgwopr.eu\/index.php?option=com_content&amp;view=article&amp;id=245:przed-wakacjami-co-warto-wiedzie-\">Wodne Ochotnicze Pogotowie Ratunkowe<\/a><\/li>\n<li>Jak post\u0119powa\u0107 w czasie burzy i upa\u0142\u00f3w, a tak\u017ce jak si\u0119 bezpiecznie opala\u0107? &#8211; <a href=\"http:\/\/www.imgw.pl\/2018\/06\/13\/przed-wakacjami-co-warto-wiedziec\/\">Instytut Meteorologii i Gospodarki Wodnej<\/a><\/li>\n<li>Zasady bezpiecze\u0144stwa w g\u00f3rach. Jak w\u0119drowa\u0107 po Tatrach? &#8211; <a href=\"http:\/\/tpn.pl\/nowosci\/przed-sezonem-garsc-informacji\">Tatrza\u0144ski Park Narodowy<\/a><\/li>\n<li>Co konsument energii i gazu powinien wiedzie\u0107 przed wyjazdem na urlop? &#8211; <a href=\"https:\/\/www.ure.gov.pl\/pl\/urzad\/informacje-ogolne\/aktualnosci\/7579,Co-konsument-energii-i-gazu-powinien-wiedziec-przed-wyjazdem-na-urlop.html\">Urz\u0105d Regulacji Energetyki<\/a><\/li>\n<li>Dowiedz si\u0119, jakie numery alarmowe warto zna\u0107 oraz jak unikn\u0105\u0107 wysokich op\u0142at podczas letniego odpoczynku \u2013 <a href=\"http:\/\/cik.uke.gov.pl\/news\/wakacje-co-warto-wiedziec,40.html\">Urz\u0105d Komunikacji Elektronicznej<\/a><\/li>\n<li>Jak sobie poradzi\u0107, gdy pojawiaj\u0105 si\u0119 problemy ze strony linii lotniczej, hotelu lub firmy wynajmuj\u0105cej auta? \u2013 <a href=\"https:\/\/konsument.gov.pl\/aktualnosci\/dlugi-weekend-male-wakacje-duzy-problem\/\">Europejskie Centrum Konsumenckie Polska<\/a><\/li>\n<li>Zadbaj o to, aby zdj\u0119cia i filmy z wakacyjnych przyg\u00f3d nie wp\u0119dzi\u0142y ci\u0119 w k\u0142opoty &#8211; <a href=\"http:\/\/www.akademia.nask.pl\/publikacje\">Naukowa i Akademicka Sie\u0107 Komputerowa<\/a><\/li>\n<li>Bezpieczna wyprawa do lasu: co ze sob\u0105 zabra\u0107, jak si\u0119 zabezpieczy\u0107 przed kleszczami, jak znale\u017a\u0107 drog\u0119 powrotn\u0105, najlepsze le\u015bne aplikacje \u2013 <a href=\"https:\/\/www.lasy.gov.pl\/pl\/informacje\/aktualnosci\/przed-wakacjami-co-warto-wiedziec\">Lasy Pa\u0144stwowe<\/a><\/li>\n<li>Jak dobrze przygotowa\u0107 si\u0119 do podr\u00f3\u017cy za granic\u0119 i sprawnie przej\u015b\u0107 odpraw\u0119 graniczn\u0105 &#8211; <a href=\"http:\/\/strazgraniczna.pl\/pl\/aktualnosci\/6641,Przed-wakacjami-co-warto-wiedziec.html?sid=154ee0c1a52459f2bba66f689d59865b\">Stra\u017c Graniczna<\/a><\/li>\n<li>Podr\u00f3\u017ce ze zwierz\u0119tami, przyw\u00f3z zagranicznej \u017cywno\u015bci na w\u0142asny u\u017cytek \u2013 <a href=\"https:\/\/www.wetgiw.gov.pl\/publikacje\/informacje-dla-podroznych\">G\u0142\u00f3wny Inspektorat Weterynarii<\/a><\/li>\n<li>Co zrobi\u0107, gdy nasz lekarz rodzinny przebywa na urlopie oraz wiele innych praktycznych porad dotycz\u0105cych profilaktyki czy ubezpieczenia zdrowotnego &#8211; <a href=\"http:\/\/www.rpp.gov.pl\/wpp_2018.pdf\">Rzecznik Praw Pacjenta<\/a><\/li>\n<li>Jak si\u0119 leczy\u0107 podczas urlopu w kraju i za granic\u0105 &#8211; <a href=\"http:\/\/nfz.gov.pl\/aktualnosci\/aktualnosci-centrali\/wyjezdzasz-na-wakacje-co-warto-wiedziec,7158.html\">Narodowy Fundusz Zdrowia<\/a><\/li>\n<li>Hotel, schronisko, pensjonat &#8211; zapoznaj si\u0119 z zasadami post\u0119powania w przypadku po\u017caru &#8211; <a href=\"http:\/\/www.straz.gov.pl\/porady\/Bezpieczna_ewkuacja_bezpieczne_wakacje\">Komenda G\u0142\u00f3wna Pa\u0144stwowej Stra\u017cy Po\u017carnej<\/a><\/li>\n<li>Jak zabezpieczy\u0107 mieszkanie przed wyjazdem, jakich zasad przestrzega\u0107 w g\u00f3rach, nad wod\u0105 i podczas wykonywania prac polowych \u2013 <a href=\"http:\/\/policja.pl\/pol\/aktualnosci\/160123,Przed-wakacjami-co-warto-wiedziec.html?sid=07940689d8807d1be9d7dbb07dfb21d0\">Komenda G\u0142\u00f3wna Policji<\/a><\/li>\n<li>Jak bezpiecznie podr\u00f3\u017cowa\u0107 rowerem, samochodem, motocyklem, pieszo &#8211; <a href=\"https:\/\/www.its.waw.pl\/10269,pl,Przed-wakacjami-co-warto-wiedziec.html\">Instytut Transportu Samochodowego<\/a><\/li>\n<li>10 zasad bezpiecznej podr\u00f3\u017cy kolej\u0105 &#8211; <a href=\"http:\/\/www.kgsok.pl\/kronika-wydarzen\/pelna-tresc\/article\/10-zasad-bezpiecznej-podrozy\/\">Komenda G\u0142\u00f3wna Stra\u017cy Ochrony Kolei<\/a><\/li>\n<li>Jak zaplanowa\u0107 wyjazd, by omin\u0119\u0142y ci\u0119 nieprzyjemne sytuacje? Porady dotycz\u0105ce bezpiecze\u0144stwa, zdrowia, baga\u017cu, przydatne telefony \u2013 <a href=\"https:\/\/www.pot.gov.pl\/pl\/nowosci\/wiadomosci-z-pot\/przed-wakacjami-co-warto-wiedziec\">Polska Organizacja Turystyczna<\/a><\/li>\n<li>O prawach pasa\u017cer\u00f3w transportu lotniczego w sytuacji op\u00f3\u017anionego\/odwo\u0142anego lotu oraz odmowy przyj\u0119cia na pok\u0142ad samolotu &#8211; <a href=\"http:\/\/www.ulc.gov.pl\/pl\/publikacje\/wiadomosci\/4411-prawa-pasazerow-w-transporcie-lotniczym-ulotka-2\">Urz\u0105d Lotnictwa Cywilnego<\/a><\/li>\n<li>Wa\u017cne informacje dla kierowc\u00f3w: sprawd\u017a, gdzie s\u0105 utrudnienia drogowe i gdzie mo\u017cna odpocz\u0105\u0107 podczas jazdy \u2013 <a href=\"https:\/\/www.gddkia.gov.pl\/pl\/a\/29668\/Przed-wakacjami-co-warto-wiedziec?\">Generalna Dyrekcja Dr\u00f3g Krajowych i Autostrad<\/a><\/li>\n<li>O czym nale\u017cy pami\u0119ta\u0107 podczas urlopu na Mazurach \u2013 <a href=\"http:\/\/parkikrajobrazowewarmiimazur.pl\/mazurski\/aktualnosci-przed_wakacjami_-_co_warto_wiedziec.html\">Mazurski Park Krajobrazowy<\/a><\/li>\n<li>Bezpiecze\u0144stwo dzieci podczas wakacji &#8211; <a href=\"http:\/\/brpd.gov.pl\/aktualnosci\/wakacje2018\">Rzecznik Praw Dziecka<\/a><\/li>\n<li>Jak skutecznie przygotowa\u0107 si\u0119 do wyjazdu na wakacje: za granic\u0119, nad wod\u0119, do miasta czy na piesz\u0105 w\u0119dr\u00f3wk\u0119 &#8211; <a href=\"https:\/\/gis.gov.pl\/wypoczynek\/najwazniejszy-informacje-kiedy-jedziesz-na-wakacje\/\">G\u0142\u00f3wny Inspektorat Sanitarny<\/a><\/li>\n<li>Zobacz, jakie masz prawa, gdy sp\u00f3\u017ania si\u0119 samolot &#8211; <a href=\"http:\/\/przyjaznelatanie.pl\/opozniony-lot-domagaj-sie-swoich-praw\/\">Stowarzyszenie Praw Pasa\u017cer\u00f3w \u201ePrzyjazne Latanie\u201d<\/a><\/li>\n<\/ul>\n<p><strong>W akcji bior\u0105 tak\u017ce udzia\u0142 Wojew\u00f3dzkie Inspektoraty Inspekcji Handlowej:<\/strong><\/p>\n<p><a href=\"http:\/\/www.bialystok.wiih.gov.pl\/uslugi-turystyczne-wedlug-nowych-zasad\/\">Bia\u0142ystok<\/a>, <a href=\"http:\/\/www.wiih.com.pl\/index.php\/aktualnosci\/10-dla-konsumenta\/komunikaty-uokik\/172-przed-wakacjami-co-warto-wiedziec\">Bydgoszcz<\/a>, <a href=\"http:\/\/ihgd.pl\/?p=809\">Gda\u0144sk<\/a>, <a href=\"http:\/\/www.ihgorzow.ires.pl\/26950\/26950\/art14198.html\">Gorz\u00f3w Wielkopolski<\/a>, <a href=\"http:\/\/www.katowice.wiih.gov.pl\/\">Katowice<\/a>, <a href=\"http:\/\/wiihkielce.pl\/konsumenci\/bezpieczne-wakacje-2018\">Kielce<\/a>, <a href=\"http:\/\/www.krakow.wiih.gov.pl\/Content\/Page\/wakacje\">Krak\u00f3w<\/a>, <a href=\"https:\/\/ihlublin.pl\/aktualnosci\/335-przed-wakacjami-co-warto-wiedziec-6.html\">Lublin<\/a>, <a href=\"http:\/\/www.wiih.lodz.pl\/?p=3418\">\u0141\u00f3d\u017a<\/a>, <a href=\"http:\/\/ih.olsztyn.pl\/index.php\/2018\/06\/19\/przed-wakacjami-co-warto-wiedziec\/\">Olsztyn<\/a>, <a href=\"http:\/\/opole.wiih.gov.pl\/inspektorat\/114-wakacje2018\">Opole<\/a>, <a href=\"http:\/\/poznan.wiih.gov.pl\/index.php\/aktualnosci\/kampanie\/\">Pozna\u0144<\/a>, <a href=\"http:\/\/www.wiih.rzeszow.pl\/24089\/24089\/\">Rzesz\u00f3w<\/a>, <a href=\"https:\/\/www.wiih.pomorzezachodnie.pl\/aktualnosci\/pokaz\/135_przed_wakacjami_-_co_warto_wiedziec\">Szczecin<\/a>, <a href=\"http:\/\/wiih.org.pl\/index.php?id=121&amp;id2=136\">Warszawa<\/a>, <a href=\"https:\/\/wiih.ibip.wroc.pl\/public\/?id=112373\">Wroc\u0142aw<\/a><\/p>\n<p><strong>Dodatkowe informacje dla medi\u00f3w:<\/strong><\/p>\n<p>Biuro Prasowe\u00a0 UOKiK<br \/>\nPl. Powsta\u0144c\u00f3w Warszawy 1, 00-950 Warszawa<br \/>\nTel. 695\u00a0902\u00a0088, 22 55 60 314<br \/>\nE-mail: <a href=\"mailto:malgorzata.cieloch@uokik.gov.pl\">biuroprasowe@uokik.gov.pl<\/a><br \/>\nTwitter: @<u>UOKiKgovPL<\/u><\/p>\n<p>&nbsp;<\/p>\n<p>\u0179r\u00f3d\u0142o:\u00a0<a href=\"https:\/\/uokik.gov.pl\/aktualnosci.php?news_id=14468\">https:\/\/uokik.gov.pl\/aktualnosci.php?news_id=14468<\/a><\/p>\n","protected":false},"excerpt":{"rendered":"","protected":false},"author":1,"featured_media":0,"comment_status":"closed","ping_status":"closed","sticky":false,"template":"","format":"standard","meta":{"cybocfi_hide_featured_image":"","footnotes":""},"categories":[1],"tags":[],"class_list":["post-356","post","type-post","status-publish","format-standard","hentry","category-news"],"_links":{"self":[{"href":"https:\/\/ih.olsztyn.pl\/index.php\/wp-json\/wp\/v2\/posts\/356","targetHints":{"allow":["GET"]}}],"collection":[{"href":"https:\/\/ih.olsztyn.pl\/index.php\/wp-json\/wp\/v2\/posts"}],"about":[{"href":"https:\/\/ih.olsztyn.pl\/index.php\/wp-json\/wp\/v2\/types\/post"}],"author":[{"embeddable":true,"href":"https:\/\/ih.olsztyn.pl\/index.php\/wp-json\/wp\/v2\/users\/1"}],"replies":[{"embeddable":true,"href":"https:\/\/ih.olsztyn.pl\/index.php\/wp-json\/wp\/v2\/comments?post=356"}],"version-history":[{"count":3,"href":"https:\/\/ih.olsztyn.pl\/index.php\/wp-json\/wp\/v2\/posts\/356\/revisions"}],"predecessor-version":[{"id":359,"href":"https:\/\/ih.olsztyn.pl\/index.php\/wp-json\/wp\/v2\/posts\/356\/revisions\/359"}],"wp:attachment":[{"href":"https:\/\/ih.olsztyn.pl\/index.php\/wp-json\/wp\/v2\/media?parent=356"}],"wp:term":[{"taxonomy":"category","embeddable":true,"href":"https:\/\/ih.olsztyn.pl\/index.php\/wp-json\/wp\/v2\/categories?post=356"},{"taxonomy":"post_tag","embeddable":true,"href":"https:\/\/ih.olsztyn.pl\/index.php\/wp-json\/wp\/v2\/tags?post=356"}],"curies":[{"name":"wp","href":"https:\/\/api.w.org\/{rel}","templated":true}]}}