{"id":3479,"date":"2026-03-11T12:05:17","date_gmt":"2026-03-11T11:05:17","guid":{"rendered":"https:\/\/ih.olsztyn.pl\/?p=3479"},"modified":"2026-03-16T11:40:13","modified_gmt":"2026-03-16T10:40:13","slug":"15-marca-swiatowy-dzien-konsumenta","status":"publish","type":"post","link":"https:\/\/ih.olsztyn.pl\/index.php\/2026\/03\/11\/15-marca-swiatowy-dzien-konsumenta\/","title":{"rendered":"15 marca &#8211; \u015awiatowy Dzie\u0144 Konsumenta"},"content":{"rendered":"<p><!--more--><\/p>\n<p><span style=\"font-size: 14pt;\">Zbli\u017caj\u0105cy si\u0119, w dniu 15.03.2026 r., \u015awiatowy Dzie\u0144 Konsumenta jest bardzo dobr\u0105 okazj\u0105, do przypomnienia konsumentom, o tym, \u017ce na stra\u017cy Ich praw stoi instytucja pa\u0144stwowa, jak\u0105 jest Inspekcja Handlowa. Zapraszamy do kontaktu z naszymi specjalistami Inspektoratu w Olsztynie oraz w Delegaturach w Elbl\u0105gu i E\u0142ku.<\/span><\/p>\n<p><a href=\"https:\/\/www.portel.pl\/wiadomosci\/inspekcja-handlowa-na-dzien-konsumenta\/148349\">https:\/\/www.portel.pl\/wiadomosci\/inspekcja-handlowa-na-dzien-konsumenta\/148349<\/a><\/p>\n","protected":false},"excerpt":{"rendered":"","protected":false},"author":1,"featured_media":3480,"comment_status":"closed","ping_status":"closed","sticky":false,"template":"","format":"standard","meta":{"cybocfi_hide_featured_image":"","footnotes":""},"categories":[1],"tags":[],"class_list":["post-3479","post","type-post","status-publish","format-standard","has-post-thumbnail","hentry","category-news"],"_links":{"self":[{"href":"https:\/\/ih.olsztyn.pl\/index.php\/wp-json\/wp\/v2\/posts\/3479","targetHints":{"allow":["GET"]}}],"collection":[{"href":"https:\/\/ih.olsztyn.pl\/index.php\/wp-json\/wp\/v2\/posts"}],"about":[{"href":"https:\/\/ih.olsztyn.pl\/index.php\/wp-json\/wp\/v2\/types\/post"}],"author":[{"embeddable":true,"href":"https:\/\/ih.olsztyn.pl\/index.php\/wp-json\/wp\/v2\/users\/1"}],"replies":[{"embeddable":true,"href":"https:\/\/ih.olsztyn.pl\/index.php\/wp-json\/wp\/v2\/comments?post=3479"}],"version-history":[{"count":1,"href":"https:\/\/ih.olsztyn.pl\/index.php\/wp-json\/wp\/v2\/posts\/3479\/revisions"}],"predecessor-version":[{"id":3481,"href":"https:\/\/ih.olsztyn.pl\/index.php\/wp-json\/wp\/v2\/posts\/3479\/revisions\/3481"}],"wp:featuredmedia":[{"embeddable":true,"href":"https:\/\/ih.olsztyn.pl\/index.php\/wp-json\/wp\/v2\/media\/3480"}],"wp:attachment":[{"href":"https:\/\/ih.olsztyn.pl\/index.php\/wp-json\/wp\/v2\/media?parent=3479"}],"wp:term":[{"taxonomy":"category","embeddable":true,"href":"https:\/\/ih.olsztyn.pl\/index.php\/wp-json\/wp\/v2\/categories?post=3479"},{"taxonomy":"post_tag","embeddable":true,"href":"https:\/\/ih.olsztyn.pl\/index.php\/wp-json\/wp\/v2\/tags?post=3479"}],"curies":[{"name":"wp","href":"https:\/\/api.w.org\/{rel}","templated":true}]}}