{"id":3348,"date":"2025-12-03T13:58:01","date_gmt":"2025-12-03T12:58:01","guid":{"rendered":"https:\/\/ih.olsztyn.pl\/?p=3348"},"modified":"2025-12-15T09:27:42","modified_gmt":"2025-12-15T08:27:42","slug":"zaproszenie-do-skladania-ofert-na-uslugi-w-zakresie-utrzymania-czystosci-w-pomieszczeniach-biurowych-delegatury-wiih-w-elku-ul-chopina-15","status":"publish","type":"post","link":"https:\/\/ih.olsztyn.pl\/index.php\/2025\/12\/03\/zaproszenie-do-skladania-ofert-na-uslugi-w-zakresie-utrzymania-czystosci-w-pomieszczeniach-biurowych-delegatury-wiih-w-elku-ul-chopina-15\/","title":{"rendered":"Zaproszenie do sk\u0142adania ofert na us\u0142ugi w zakresie utrzymania czysto\u015bci w pomieszczeniach biurowych Delegatury WIIH w E\u0142ku, ul. Chopina 15"},"content":{"rendered":"<p><a href=\"http:\/\/bip.ih.olsztyn.pl\/pliki\/sprzatanie_elk2025.pdf\">http:\/\/bip.ih.olsztyn.pl\/pliki\/sprzatanie_elk2025.pdf<\/a><\/p>\n","protected":false},"excerpt":{"rendered":"<p>http:\/\/bip.ih.olsztyn.pl\/pliki\/sprzatanie_elk2025.pdf<\/p>\n","protected":false},"author":1,"featured_media":1838,"comment_status":"closed","ping_status":"closed","sticky":false,"template":"","format":"standard","meta":{"cybocfi_hide_featured_image":"","footnotes":""},"categories":[1],"tags":[],"class_list":["post-3348","post","type-post","status-publish","format-standard","has-post-thumbnail","hentry","category-news"],"_links":{"self":[{"href":"https:\/\/ih.olsztyn.pl\/index.php\/wp-json\/wp\/v2\/posts\/3348","targetHints":{"allow":["GET"]}}],"collection":[{"href":"https:\/\/ih.olsztyn.pl\/index.php\/wp-json\/wp\/v2\/posts"}],"about":[{"href":"https:\/\/ih.olsztyn.pl\/index.php\/wp-json\/wp\/v2\/types\/post"}],"author":[{"embeddable":true,"href":"https:\/\/ih.olsztyn.pl\/index.php\/wp-json\/wp\/v2\/users\/1"}],"replies":[{"embeddable":true,"href":"https:\/\/ih.olsztyn.pl\/index.php\/wp-json\/wp\/v2\/comments?post=3348"}],"version-history":[{"count":1,"href":"https:\/\/ih.olsztyn.pl\/index.php\/wp-json\/wp\/v2\/posts\/3348\/revisions"}],"predecessor-version":[{"id":3349,"href":"https:\/\/ih.olsztyn.pl\/index.php\/wp-json\/wp\/v2\/posts\/3348\/revisions\/3349"}],"wp:featuredmedia":[{"embeddable":true,"href":"https:\/\/ih.olsztyn.pl\/index.php\/wp-json\/wp\/v2\/media\/1838"}],"wp:attachment":[{"href":"https:\/\/ih.olsztyn.pl\/index.php\/wp-json\/wp\/v2\/media?parent=3348"}],"wp:term":[{"taxonomy":"category","embeddable":true,"href":"https:\/\/ih.olsztyn.pl\/index.php\/wp-json\/wp\/v2\/categories?post=3348"},{"taxonomy":"post_tag","embeddable":true,"href":"https:\/\/ih.olsztyn.pl\/index.php\/wp-json\/wp\/v2\/tags?post=3348"}],"curies":[{"name":"wp","href":"https:\/\/api.w.org\/{rel}","templated":true}]}}