{"id":3337,"date":"2025-10-30T13:44:25","date_gmt":"2025-10-30T12:44:25","guid":{"rendered":"https:\/\/ih.olsztyn.pl\/?p=3337"},"modified":"2025-11-17T14:08:43","modified_gmt":"2025-11-17T13:08:43","slug":"10-listopada-dniem-wolnym-od-pracy-w-wiih-w-olsztynie","status":"publish","type":"post","link":"https:\/\/ih.olsztyn.pl\/index.php\/2025\/10\/30\/10-listopada-dniem-wolnym-od-pracy-w-wiih-w-olsztynie\/","title":{"rendered":"10 Listopada dniem wolnym od Pracy w WIIH w Olsztynie"},"content":{"rendered":"<p style=\"text-align: center;\"><span style=\"font-size: 18pt;\"><strong>Informacja<\/strong><\/span><\/p>\n<p style=\"text-align: center;\"><span style=\"font-size: 18pt;\">Uprzejmie informujemy, \u017ce dzie\u0144 <strong>10 <\/strong><\/span><span style=\"font-size: 18pt;\"><strong>Listopada 2025r.<\/strong> jest <\/span><\/p>\n<p style=\"text-align: center;\"><span style=\"font-size: 18pt;\">dniem wolnym od pracy w Wojew\u00f3dzkim Inspektoracie <\/span><\/p>\n<p style=\"text-align: center;\"><span style=\"font-size: 18pt;\">Inspekcji Handlowej w Olsztynie, za dzie\u0144 \u015bwi\u0105teczny <strong>01 <\/strong><\/span><\/p>\n<p style=\"text-align: center;\"><span style=\"font-size: 18pt;\"><strong>Listopada 2025r.<\/strong> przypadaj\u0105cy w <strong>sobot\u0119.<\/strong><\/span><\/p>\n<p>&nbsp;<\/p>\n<p style=\"text-align: center;\"><span style=\"font-size: 18pt;\">Za wszelkie niedogodno\u015bci serdecznie przepraszamy.<\/span><\/p>\n","protected":false},"excerpt":{"rendered":"<p>Informacja Uprzejmie informujemy, \u017ce dzie\u0144 10 Listopada 2025r. jest dniem wolnym od pracy w Wojew\u00f3dzkim Inspektoracie Inspekcji Handlowej w Olsztynie, za dzie\u0144 \u015bwi\u0105teczny 01 Listopada 2025r. przypadaj\u0105cy w sobot\u0119. &nbsp; Za wszelkie niedogodno\u015bci serdecznie przepraszamy.<\/p>\n","protected":false},"author":1,"featured_media":430,"comment_status":"closed","ping_status":"closed","sticky":false,"template":"","format":"standard","meta":{"cybocfi_hide_featured_image":"","footnotes":""},"categories":[1],"tags":[],"class_list":["post-3337","post","type-post","status-publish","format-standard","has-post-thumbnail","hentry","category-news"],"_links":{"self":[{"href":"https:\/\/ih.olsztyn.pl\/index.php\/wp-json\/wp\/v2\/posts\/3337","targetHints":{"allow":["GET"]}}],"collection":[{"href":"https:\/\/ih.olsztyn.pl\/index.php\/wp-json\/wp\/v2\/posts"}],"about":[{"href":"https:\/\/ih.olsztyn.pl\/index.php\/wp-json\/wp\/v2\/types\/post"}],"author":[{"embeddable":true,"href":"https:\/\/ih.olsztyn.pl\/index.php\/wp-json\/wp\/v2\/users\/1"}],"replies":[{"embeddable":true,"href":"https:\/\/ih.olsztyn.pl\/index.php\/wp-json\/wp\/v2\/comments?post=3337"}],"version-history":[{"count":2,"href":"https:\/\/ih.olsztyn.pl\/index.php\/wp-json\/wp\/v2\/posts\/3337\/revisions"}],"predecessor-version":[{"id":3339,"href":"https:\/\/ih.olsztyn.pl\/index.php\/wp-json\/wp\/v2\/posts\/3337\/revisions\/3339"}],"wp:featuredmedia":[{"embeddable":true,"href":"https:\/\/ih.olsztyn.pl\/index.php\/wp-json\/wp\/v2\/media\/430"}],"wp:attachment":[{"href":"https:\/\/ih.olsztyn.pl\/index.php\/wp-json\/wp\/v2\/media?parent=3337"}],"wp:term":[{"taxonomy":"category","embeddable":true,"href":"https:\/\/ih.olsztyn.pl\/index.php\/wp-json\/wp\/v2\/categories?post=3337"},{"taxonomy":"post_tag","embeddable":true,"href":"https:\/\/ih.olsztyn.pl\/index.php\/wp-json\/wp\/v2\/tags?post=3337"}],"curies":[{"name":"wp","href":"https:\/\/api.w.org\/{rel}","templated":true}]}}