{"id":3311,"date":"2025-10-07T09:31:18","date_gmt":"2025-10-07T07:31:18","guid":{"rendered":"https:\/\/ih.olsztyn.pl\/?p=3311"},"modified":"2025-10-23T08:48:23","modified_gmt":"2025-10-23T06:48:23","slug":"pozegnanie","status":"publish","type":"post","link":"https:\/\/ih.olsztyn.pl\/index.php\/2025\/10\/07\/pozegnanie\/","title":{"rendered":"PO\u017bEGNANIE"},"content":{"rendered":"<p style=\"text-align: center;\"><span style=\"font-size: 24pt;\">Z g\u0142\u0119bokim smutkiem i \u017calem<\/span><\/p>\n<p style=\"text-align: center;\"><span style=\"font-size: 24pt;\">przyj\u0119li\u015bmy wiadomo\u015b\u0107 o \u015bmierci<\/span><\/p>\n<p style=\"text-align: center;\"><span style=\"font-size: 24pt;\">Naszych Drogich Koleg\u00f3w<\/span><\/p>\n<p>&nbsp;<\/p>\n<p style=\"text-align: center;\"><span style=\"font-size: 24pt;\"><strong>\u2020ZBIGNIEWA WI\u015aNIEWSKIEGO<\/strong><\/span><\/p>\n<p style=\"text-align: center;\"><span style=\"font-size: 24pt;\"><strong>\u2020JANUSZA MEISSNERA<\/strong><\/span><\/p>\n<p>&nbsp;<\/p>\n<p style=\"text-align: center;\"><span style=\"font-size: 24pt;\">Rodzinie oraz Najbli\u017cszym\u00a0<\/span><\/p>\n<p style=\"text-align: center;\"><span style=\"font-size: 24pt;\">wyrazy g\u0142\u0119bokiego wsp\u00f3\u0142czucia<\/span><\/p>\n<p style=\"text-align: center;\"><span style=\"font-size: 24pt;\">sk\u0142adaj\u0105 kole\u017canki i koledzy <\/span><\/p>\n<p style=\"text-align: center;\"><span style=\"font-size: 24pt;\">z Wojew\u00f3dzkiego Inspektoratu Inspekcji Handlowej w Olsztynie oraz Delegatur\u00a0<\/span><\/p>\n","protected":false},"excerpt":{"rendered":"<p>Z g\u0142\u0119bokim smutkiem i \u017calem przyj\u0119li\u015bmy wiadomo\u015b\u0107 o \u015bmierci Naszych Drogich Koleg\u00f3w &nbsp; \u2020ZBIGNIEWA WI\u015aNIEWSKIEGO \u2020JANUSZA MEISSNERA &nbsp; Rodzinie oraz Najbli\u017cszym\u00a0 wyrazy g\u0142\u0119bokiego wsp\u00f3\u0142czucia sk\u0142adaj\u0105 kole\u017canki i koledzy z Wojew\u00f3dzkiego Inspektoratu Inspekcji Handlowej w Olsztynie oraz Delegatur\u00a0<\/p>\n","protected":false},"author":1,"featured_media":3314,"comment_status":"closed","ping_status":"closed","sticky":false,"template":"","format":"standard","meta":{"cybocfi_hide_featured_image":"yes","footnotes":""},"categories":[1],"tags":[],"class_list":["post-3311","post","type-post","status-publish","format-standard","has-post-thumbnail","hentry","category-news"],"_links":{"self":[{"href":"https:\/\/ih.olsztyn.pl\/index.php\/wp-json\/wp\/v2\/posts\/3311","targetHints":{"allow":["GET"]}}],"collection":[{"href":"https:\/\/ih.olsztyn.pl\/index.php\/wp-json\/wp\/v2\/posts"}],"about":[{"href":"https:\/\/ih.olsztyn.pl\/index.php\/wp-json\/wp\/v2\/types\/post"}],"author":[{"embeddable":true,"href":"https:\/\/ih.olsztyn.pl\/index.php\/wp-json\/wp\/v2\/users\/1"}],"replies":[{"embeddable":true,"href":"https:\/\/ih.olsztyn.pl\/index.php\/wp-json\/wp\/v2\/comments?post=3311"}],"version-history":[{"count":5,"href":"https:\/\/ih.olsztyn.pl\/index.php\/wp-json\/wp\/v2\/posts\/3311\/revisions"}],"predecessor-version":[{"id":3317,"href":"https:\/\/ih.olsztyn.pl\/index.php\/wp-json\/wp\/v2\/posts\/3311\/revisions\/3317"}],"wp:featuredmedia":[{"embeddable":true,"href":"https:\/\/ih.olsztyn.pl\/index.php\/wp-json\/wp\/v2\/media\/3314"}],"wp:attachment":[{"href":"https:\/\/ih.olsztyn.pl\/index.php\/wp-json\/wp\/v2\/media?parent=3311"}],"wp:term":[{"taxonomy":"category","embeddable":true,"href":"https:\/\/ih.olsztyn.pl\/index.php\/wp-json\/wp\/v2\/categories?post=3311"},{"taxonomy":"post_tag","embeddable":true,"href":"https:\/\/ih.olsztyn.pl\/index.php\/wp-json\/wp\/v2\/tags?post=3311"}],"curies":[{"name":"wp","href":"https:\/\/api.w.org\/{rel}","templated":true}]}}