{"id":3108,"date":"2025-02-05T14:23:59","date_gmt":"2025-02-05T13:23:59","guid":{"rendered":"https:\/\/ih.olsztyn.pl\/?p=3108"},"modified":"2025-02-25T08:17:48","modified_gmt":"2025-02-25T07:17:48","slug":"informacja-o-zbednych-lub-zuzytych-skladnikach-majatku-ruchomego-wojewodzkiego-inspektoratu-inspekcji-handlowej-2","status":"publish","type":"post","link":"https:\/\/ih.olsztyn.pl\/index.php\/2025\/02\/05\/informacja-o-zbednych-lub-zuzytych-skladnikach-majatku-ruchomego-wojewodzkiego-inspektoratu-inspekcji-handlowej-2\/","title":{"rendered":"Informacja o zb\u0119dnych lub zu\u017cytych sk\u0142adnikach maj\u0105tku ruchomego WIIH w Olsztynie &#8211; meble"},"content":{"rendered":"<p><a href=\"http:\/\/bip.ih.olsztyn.pl\/pliki\/zuzyte%20skladniki%20majatku%20meble%20WIIH2025.pdf\">http:\/\/bip.ih.olsztyn.pl\/p,38,ogloszenia<\/a><\/p>\n","protected":false},"excerpt":{"rendered":"<p>http:\/\/bip.ih.olsztyn.pl\/p,38,ogloszenia<\/p>\n","protected":false},"author":1,"featured_media":3115,"comment_status":"closed","ping_status":"closed","sticky":false,"template":"","format":"standard","meta":{"cybocfi_hide_featured_image":"","footnotes":""},"categories":[1],"tags":[],"class_list":["post-3108","post","type-post","status-publish","format-standard","has-post-thumbnail","hentry","category-news"],"_links":{"self":[{"href":"https:\/\/ih.olsztyn.pl\/index.php\/wp-json\/wp\/v2\/posts\/3108","targetHints":{"allow":["GET"]}}],"collection":[{"href":"https:\/\/ih.olsztyn.pl\/index.php\/wp-json\/wp\/v2\/posts"}],"about":[{"href":"https:\/\/ih.olsztyn.pl\/index.php\/wp-json\/wp\/v2\/types\/post"}],"author":[{"embeddable":true,"href":"https:\/\/ih.olsztyn.pl\/index.php\/wp-json\/wp\/v2\/users\/1"}],"replies":[{"embeddable":true,"href":"https:\/\/ih.olsztyn.pl\/index.php\/wp-json\/wp\/v2\/comments?post=3108"}],"version-history":[{"count":3,"href":"https:\/\/ih.olsztyn.pl\/index.php\/wp-json\/wp\/v2\/posts\/3108\/revisions"}],"predecessor-version":[{"id":3114,"href":"https:\/\/ih.olsztyn.pl\/index.php\/wp-json\/wp\/v2\/posts\/3108\/revisions\/3114"}],"wp:featuredmedia":[{"embeddable":true,"href":"https:\/\/ih.olsztyn.pl\/index.php\/wp-json\/wp\/v2\/media\/3115"}],"wp:attachment":[{"href":"https:\/\/ih.olsztyn.pl\/index.php\/wp-json\/wp\/v2\/media?parent=3108"}],"wp:term":[{"taxonomy":"category","embeddable":true,"href":"https:\/\/ih.olsztyn.pl\/index.php\/wp-json\/wp\/v2\/categories?post=3108"},{"taxonomy":"post_tag","embeddable":true,"href":"https:\/\/ih.olsztyn.pl\/index.php\/wp-json\/wp\/v2\/tags?post=3108"}],"curies":[{"name":"wp","href":"https:\/\/api.w.org\/{rel}","templated":true}]}}