{"id":258,"date":"2018-05-17T12:40:00","date_gmt":"2018-05-16T12:23:33","guid":{"rendered":"http:\/\/ih.olsztyn.pl\/wordpress\/?p=258"},"modified":"2018-05-16T14:23:33","modified_gmt":"2018-05-16T12:23:33","slug":"swiateczne-porzadki-i-gotowanie-z-inspekcja-handlowa","status":"publish","type":"post","link":"https:\/\/ih.olsztyn.pl\/index.php\/2018\/05\/17\/swiateczne-porzadki-i-gotowanie-z-inspekcja-handlowa\/","title":{"rendered":"\u015awi\u0105teczne porz\u0105dki i gotowanie z Inspekcj\u0105 Handlow\u0105"},"content":{"rendered":"<p><!--more--><\/p>\n<p>\u015aWI\u0104TECZNE PORZ\u0104DKI I GOTOWANIE Z INSPEKCJ\u0104 HANDLOW\u0104<\/p>\n<ul>\n<li><strong>Odkurzacz powinien by\u0107 oszcz\u0119dny, skuteczny i cichy &#8211; wszystkie te parametry, kt\u00f3re u\u0142atwi\u0105 wyb\u00f3r, znajdziesz na etykiecie energetycznej.<\/strong><\/li>\n<li><strong>Czytaj informacje na opakowaniu detergent\u00f3w, trzymaj je z daleka od dzieci.<\/strong><\/li>\n<li><strong>Przed Wielkanoc\u0105 podpowiadamy te\u017c, jak kupowa\u0107 naczynia \u017caroodporne.<\/strong><\/li>\n<\/ul>\n<p>&nbsp;<\/p>\n<p><strong>[Warszawa, 23 marca 2018 r.] <\/strong>Ostatni tydzie\u0144 przed Wielkanoc\u0105 to czas \u015bwi\u0105tecznych zakup\u00f3w, generalnych porz\u0105dk\u00f3w i wielkiego pieczenia. Na co zwr\u00f3ci\u0107 uwag\u0119 w sklepie? Jakie produkty wybra\u0107, a jakich unika\u0107? Nasz miniprzewodnik u\u0142atwi przygotowania do Wielkanocy. Uwzgl\u0119dnili\u015bmy w nim <a href=\"https:\/\/www.uokik.gov.pl\/raporty_z_kontroli_inspekcji_handlowej.php\">wyniki ostatnich kontroli Inspekcji Handlowej<\/a> przeprowadzone na zlecenie UOKiK.<\/p>\n<p><strong>Odkurzacze<\/strong><\/p>\n<p>Tu\u017c przed \u015bwi\u0119tami zepsu\u0142 ci si\u0119 odkurzacz i musisz kupi\u0107 nowy? <strong>Zwr\u00f3\u0107 w sklepie uwag\u0119 na etykiet\u0119 energetyczn\u0105<\/strong>, kt\u00f3ra musi si\u0119 znajdowa\u0107 w widocznym miejscu. S\u0105 na niej w przejrzysty spos\u00f3b podane wa\u017cne informacje, kt\u00f3re u\u0142atwi\u0105 por\u00f3wnanie r\u00f3\u017cnych modeli.<\/p>\n<p>Por\u00f3wnaj tzw. <strong>klas\u0119 efektywno\u015bci energetycznej.<\/strong> Podawana jest w skali od najwy\u017cszej &#8211; A+++ do najni\u017cszej &#8211; D. Im wy\u017csza klasa energetyczna, tym ni\u017csze zu\u017cycie energii, a wi\u0119c mniejsze rachunki za pr\u0105d.<\/p>\n<p>Dzi\u0119ki etykiecie mo\u017cesz te\u017c por\u00f3wna\u0107, m.in. \u015brednie roczne zu\u017cycie energii (powinno by\u0107 mniejsze ni\u017c 43 kWh\/rok), poziom mocy akustycznej (im wi\u0119cej decybeli, tym odkurzacz g\u0142o\u015bniej pracuje, maksymalnie 80 dB) oraz skuteczno\u015b\u0107 odkurzania dywan\u00f3w i pod\u0142\u00f3g &#8211; w skali od A (najwy\u017csza) do G (najni\u017csza).<\/p>\n<p>W III kwartale 2017 r. Inspekcja Handlowa sprawdzi\u0142a 60 odkurzaczy i zakwestionowa\u0142a 8 modeli (4,8 proc.), m.in. z powodu braku etykiety energetycznej lub karty produktu.<\/p>\n<p><strong>Detergenty<\/strong><\/p>\n<p>Przed porz\u0105dkami warto si\u0119 zaopatrzy\u0107 w skuteczne \u015brodki do czyszczenia. Podpowiadamy, na co zwr\u00f3ci\u0107 uwag\u0119 podczas zakup\u00f3w.<\/p>\n<p><strong>P\u0142yny do mycia naczy\u0144, prania i czyszczenia.<\/strong> Szukaj na etykiecie informacji o zawarto\u015bci zwi\u0105zk\u00f3w anionowo-czynnych. Im jest ich wi\u0119cej, tym wy\u017csza skuteczno\u015b\u0107 p\u0142ynu \u2013 dok\u0142adniej myje i usuwa t\u0142uszcz. Niska zawarto\u015b\u0107 tych zwi\u0105zk\u00f3w to poni\u017cej 5 proc., wysoka \u2013 od 15 do 30 proc. Pami\u0119taj, \u017ce nie zawsze zapewnienia producenta \u201esuper koncentrat\u201d czy \u201eskoncentrowany\u201d przek\u0142adaj\u0105 si\u0119 na wy\u017csz\u0105 skuteczno\u015b\u0107 czyszczenia, je\u015bli w produkcie jest niezbyt wysokie st\u0119\u017cenie zwi\u0105zk\u00f3w anionowo-czynnych. Dlatego zawsze czytaj etykiety \u2013 znajdziesz tam sk\u0142ad ilo\u015bciowy p\u0142ynu oraz zalecenia dotycz\u0105ce dozowania. Zwr\u00f3\u0107 te\u017c uwag\u0119 na substancje pochodz\u0105ce z kompozycji zapachowych, kt\u00f3re mog\u0105 powodowa\u0107 alergie.<\/p>\n<p><strong>Proszki do prania.<\/strong> Dobieraj je w zale\u017cno\u015bci od rodzaju i koloru tkaniny \u2013 dzi\u0119ki temu nie zniszczysz ubra\u0144, po\u015bcieli czy firanek. Proszki do odzie\u017cy kolorowej zawieraj\u0105 zwi\u0105zki, kt\u00f3re chroni\u0105 barwy i zapobiegaj\u0105 farbowaniu. Te do bia\u0142ego \u2013 maj\u0105 w sk\u0142adzie wybielacze i rozja\u015bniacze optyczne. Stosuj si\u0119 do zalece\u0144 producenta w sprawie temperatury prania i dozowania. Cz\u0119\u015b\u0107 proszk\u00f3w zawiera enzymy dzia\u0142aj\u0105ce w ni\u017cszych temperaturach oraz \u015brodki wybielaj\u0105ce r\u00f3wnocze\u015bnie o dzia\u0142aniu bakteriob\u00f3jczym. Natomiast przy proszkach typu compact (rodzaj koncentratu) wystarczy dawka mniejsza od standardowej. Na opakowaniu znajdziesz sk\u0142ad produktu, oto kr\u00f3tki przewodnik:<\/p>\n<ul>\n<li>w\u0119glany zmniejszaj\u0105 twardo\u015b\u0107 wody, zwi\u0119kszaj\u0105 efektywno\u015b\u0107 prania<\/li>\n<li>krzemiany zabezpieczaj\u0105 przed korozj\u0105 w pralkach,<\/li>\n<li>zeolity u\u0142atwiaj\u0105 zwil\u017canie pranych ubra\u0144,<\/li>\n<li>fosfoniany poprawiaj\u0105 jako\u015b\u0107 prania,<\/li>\n<li>tlenowe \u015brodki wybielaj\u0105ce usuwaj\u0105 plamy z bia\u0142ych tkanin w temperaturze ok. 80 st. C,<\/li>\n<li>TAED \u2013 aktywator wybielaczy, powoduje, \u017ce proszek jest aktywny ju\u017c w temperaturze 40-50 st. C,<\/li>\n<li>anionowe \u015brodki powierzchniowo-czynne wspomagaj\u0105 usuwanie zabrudze\u0144 z t\u0142uszczu,<\/li>\n<li>niejonowe \u015brodki powierzchniowo-czynne usuwaj\u0105 smary,<\/li>\n<li>enzymy u\u0142atwiaj\u0105 usuwanie plam pochodzenia organicznego, niekt\u00f3re chroni\u0105 kolory.<\/li>\n<\/ul>\n<p>W III kwartale 2017 r. Inspekcja Handlowa skontrolowa\u0142a 209 partii detergent\u00f3w, m.in. proszki do prania, p\u0142yny do mycia naczy\u0144, mleczka do czyszczenia, wybielacze. Zakwestionowa\u0142a 33 partie z nich (15,8 proc.). Sprawdza\u0142a m.in. oznakowanie, zabezpieczenia przed dzie\u0107mi. To ostatnie jest szczeg\u00f3lnie wa\u017cne przy kapsu\u0142kach do pralek i zmywarek, kt\u00f3re maj\u0105 rozpuszczalne opakowania i z tego powodu dochodzi\u0142o do wypadk\u00f3w zatru\u0107 czy uszkodze\u0144 oczu. Inspektorzy znale\u017ali nieprawid\u0142owo\u015bci w 8 z 20 sprawdzonych partii kapsu\u0142ek, polega\u0142y m.in. na braku ostrze\u017ce\u0144 i informacji w j\u0119zyku polskim.<\/p>\n<p><strong>Naczynia \u017caroodporne<\/strong><\/p>\n<p>Do przygotowania \u015bwi\u0105tecznych potraw przydadz\u0105 si\u0119 naczynia \u017caroodporne. Wykonane s\u0105 albo z hartowanego i bezo\u0142owiowego szk\u0142a, albo z ceramiki. Musz\u0105 by\u0107 odporne na bardzo wysokie temperatury \u2013 nawet do 300 st. C. Naczynia ceramiczne s\u0105 w stanie wytrzyma\u0107 tak\u017ce bardzo niskie temperatury. Na rynku jest ponad 400 modeli naczy\u0144 \u017caroodpornych, kt\u00f3re kosztuj\u0105 od ok. 10 z\u0142 do nawet 1200 z\u0142 za sztuk\u0119. Na co wi\u0119c zwr\u00f3ci\u0107 uwag\u0119:<\/p>\n<ul>\n<li>sprawd\u017a, czy na opakowaniu widnieje nazwa normy: PN-EN 13834+A1:2009. Przedsi\u0119biorca deklaruje w ten spos\u00f3b, \u017ce sprawdzi\u0142, czy produkt jest bezpieczny,<\/li>\n<li>upewnij si\u0119, \u017ce naczynie nie ma ostrych kraw\u0119dzi czy zadzior\u00f3w, kt\u00f3rymi mo\u017cna si\u0119 skaleczy\u0107,<\/li>\n<li>obejrzyj uchwyty \u2013 czy mo\u017cna b\u0119dzie je trzyma\u0107 np. przez r\u0119kawic\u0119 kuchenn\u0105. Wszelkie ga\u0142ki i uchwyty musz\u0105 by\u0107 wykonane z tworzywa, kt\u00f3re jest odporne na wysokie temperatury i nie uwalnia w takich warunkach toksyn,<\/li>\n<li>naczynie nie powinno mie\u0107 zb\u0119dnych zakamark\u00f3w, \u017c\u0142obie\u0144 i ozd\u00f3b, kt\u00f3re utrudni\u0105 jego czyszczenie,<\/li>\n<li>na opakowaniu lub w instrukcji szukaj m.in. takich informacji: maksymalna temperatura, spos\u00f3b poprawnego u\u017cytkowania, spos\u00f3b konserwacji, tworzywo, z jakiego naczynie zasta\u0142o wykonane.<\/li>\n<\/ul>\n<p>W III kwartale 2017 r. IH sprawdzi\u0142a 139 partii naczy\u0144 i zakwestionowa\u0142a 51 z nich (36,7 proc.). Powodem by\u0142o g\u0142\u00f3wnie nieprawid\u0142owe oznakowanie. Dziewi\u0119\u0107 partii trafi\u0142o do laboratorium, trzy z nich nie wytrzyma\u0142y wysokich temperatur.<\/p>\n<p>Wszystkie raporty z kontroli Inspekcji Handlowej znajdziesz na <a href=\"https:\/\/www.uokik.gov.pl\/raporty_z_kontroli_inspekcji_handlowej.php\">stronie internetowej UOKiK<\/a>.<\/p>\n<p><strong>Dodatkowe informacje dla medi\u00f3w:<\/strong><\/p>\n<p>Biuro Prasowe\u00a0 UOKiK<br \/>\nPl. Powsta\u0144c\u00f3w Warszawy 1, 00-950 Warszawa<br \/>\nTel. 695\u00a0902 088<br \/>\nE-mail: <a href=\"mailto:malgorzata.cieloch@uokik.gov.pl\">biuroprasowe@uokik.gov.pl<\/a><br \/>\nTwitter: @<u>UOKiKgovPL<\/u><\/p>\n<p>&nbsp;<\/p>\n<p>\u0179r\u00f3d\u0142o:\u00a0<a href=\"https:\/\/www.uokik.gov.pl\/aktualnosci.php?news_id=14167\">https:\/\/www.uokik.gov.pl\/aktualnosci.php?news_id=14167<\/a><\/p>\n","protected":false},"excerpt":{"rendered":"","protected":false},"author":1,"featured_media":0,"comment_status":"closed","ping_status":"closed","sticky":false,"template":"","format":"standard","meta":{"cybocfi_hide_featured_image":"","footnotes":""},"categories":[1],"tags":[],"class_list":["post-258","post","type-post","status-publish","format-standard","hentry","category-news"],"_links":{"self":[{"href":"https:\/\/ih.olsztyn.pl\/index.php\/wp-json\/wp\/v2\/posts\/258","targetHints":{"allow":["GET"]}}],"collection":[{"href":"https:\/\/ih.olsztyn.pl\/index.php\/wp-json\/wp\/v2\/posts"}],"about":[{"href":"https:\/\/ih.olsztyn.pl\/index.php\/wp-json\/wp\/v2\/types\/post"}],"author":[{"embeddable":true,"href":"https:\/\/ih.olsztyn.pl\/index.php\/wp-json\/wp\/v2\/users\/1"}],"replies":[{"embeddable":true,"href":"https:\/\/ih.olsztyn.pl\/index.php\/wp-json\/wp\/v2\/comments?post=258"}],"version-history":[{"count":1,"href":"https:\/\/ih.olsztyn.pl\/index.php\/wp-json\/wp\/v2\/posts\/258\/revisions"}],"predecessor-version":[{"id":259,"href":"https:\/\/ih.olsztyn.pl\/index.php\/wp-json\/wp\/v2\/posts\/258\/revisions\/259"}],"wp:attachment":[{"href":"https:\/\/ih.olsztyn.pl\/index.php\/wp-json\/wp\/v2\/media?parent=258"}],"wp:term":[{"taxonomy":"category","embeddable":true,"href":"https:\/\/ih.olsztyn.pl\/index.php\/wp-json\/wp\/v2\/categories?post=258"},{"taxonomy":"post_tag","embeddable":true,"href":"https:\/\/ih.olsztyn.pl\/index.php\/wp-json\/wp\/v2\/tags?post=258"}],"curies":[{"name":"wp","href":"https:\/\/api.w.org\/{rel}","templated":true}]}}