{"id":2242,"date":"2022-09-13T12:17:29","date_gmt":"2022-09-13T10:17:29","guid":{"rendered":"https:\/\/ih.olsztyn.pl\/?p=2242"},"modified":"2022-10-06T11:56:00","modified_gmt":"2022-10-06T09:56:00","slug":"oplaty-za-polaczenia-z-infolinia-orange-zarzuty-prezesa-uokik","status":"publish","type":"post","link":"https:\/\/ih.olsztyn.pl\/index.php\/2022\/09\/13\/oplaty-za-polaczenia-z-infolinia-orange-zarzuty-prezesa-uokik\/","title":{"rendered":"Op\u0142aty za po\u0142\u0105czenia z infolini\u0105 Orange &#8211; zarzuty Prezesa UOKiK"},"content":{"rendered":"<p><!--more--><\/p>\n<p>OP\u0141ATY ZA PO\u0141\u0104CZENIA Z INFOLINI\u0104 ORANGE \u2013 ZARZUTY PREZESA UOKiK<\/p>\n<ul>\n<li><strong>UOKiK otrzyma\u0142 skargi dotycz\u0105ce pobierania op\u0142at za po\u0142\u0105czenia z infoliniami od klient\u00f3w sieci Orange i nju mobile, na przyk\u0142ad przy sk\u0142adaniu reklamacji lub zg\u0142aszaniu awarii.<\/strong><\/li>\n<li><strong>Prezes UOKiK Tomasz Chr\u00f3stny wszcz\u0105\u0142 post\u0119powanie w\u0142a\u015bciwe przeciwko Orange Polska.<\/strong><\/li>\n<li><strong>Przygl\u0105da si\u0119 r\u00f3wnie\u017c praktykom T-Mobile, w toku jest r\u00f3wnie\u017c post\u0119powanie wyja\u015bniaj\u0105ce wobec P4.\u00a0<\/strong><\/li>\n<li><strong>Za naruszenie zbiorowych interes\u00f3w konsument\u00f3w grozi kara do 10 procent obrotu.<\/strong><\/li>\n<\/ul>\n<p><strong>[Warszawa,12wrze\u015bnia2022 r.]<\/strong>Do UOKiK dociera\u0142y sygna\u0142y dotycz\u0105ce op\u0142at za po\u0142\u0105czenia z infoliniami obs\u0142ugowymi Orange i nju mobile, s\u0142u\u017c\u0105cymi do zg\u0142aszania usterek i reklamacji. Op\u0142aty za po\u0142\u0105czenia s\u0105 naliczane r\u00f3wnie\u017c w sytuacji, gdy konsument korzysta z oferty, w kt\u00f3rej ma nielimitowane rozmowy do sieci kom\u00f3rkowych i stacjonarnych w ramach abonamentu. Co wi\u0119cej, op\u0142aty s\u0105 pobierane nie tylko za faktyczny czas po\u0142\u0105czenia z konsultantem, ale r\u00f3wnie\u017c za czas oczekiwania na takie po\u0142\u0105czenie.<\/p>\n<p>Wiele os\u00f3b, kt\u00f3re zg\u0142osi\u0142y si\u0119 do UOKiK, by\u0142o nie\u015bwiadomych, \u017ce po\u0142\u0105czenia z infolini\u0105 s\u0105 p\u0142atne, w sytuacji, gdy w ramach wybranego pakietu maj\u0105 nielimitowane rozmowy. Fragment jednej ze skarg: \u201e<em>Gdy np. us\u0142uga nie dzia\u0142a, tak jak teraz u mnie Tv &#8211; musz\u0119 zadzwoni\u0107 i to zg\u0142osi\u0107. Paradoksem jest to, \u017ce to ja musz\u0119 zap\u0142aci\u0107 za to, \u017ce zg\u0142aszam u nich awarie na us\u0142ugach kt\u00f3re oni dostarczaj\u0105. (\u2026) czekam 20 minut na infolinii, a i tak nikt nie odebra\u0142. A p\u0142aci\u0107 za to b\u0119d\u0119 musia\u0142 &#8211; dodam \u017ce pomimo tego \u017ce mam telefon w\u00a0Orange \u2013 bez limit\u00f3w do wszystkich &#8211; ale nie do biura obs\u0142ugi Orange.\u201d<\/em><\/p>\n<p>Dzia\u0142ania Orange Polska mog\u0105 by\u0107 niezgodne z artyku\u0142em 11 ustawy o prawach konsumenta, kt\u00f3ry stanowi, \u017ce \u201eje\u017celi przedsi\u0119biorca wskazuje numer telefonu przeznaczony do kontaktowania si\u0119 z nim w sprawie zawartej umowy, op\u0142ata dla konsumenta za po\u0142\u0105czenie z tym numerem nie mo\u017ce by\u0107 wy\u017csza ni\u017c op\u0142ata za zwyk\u0142e po\u0142\u0105czenie telefoniczne, zgodnie z pakietem taryfowym dostawcy us\u0142ug, z kt\u00f3rego korzysta konsument\u201d.<\/p>\n<p><em>&#8211; Orange nie powinien obci\u0105\u017ca\u0107 swoich klient\u00f3w kosztami <\/em><em>po\u0142\u0105cze\u0144 z infolini\u0105 obs\u0142ugow\u0105 w taryfach, w kt\u00f3rych konsumenci nie s\u0105 obci\u0105\u017cani kosztami za po\u0142\u0105czenia z numerami kom\u00f3rkowymi. W takiej sytuacji, po\u0142\u0105czenie z udost\u0119pnianym numerem kom\u00f3rkowym infolinii powinno by\u0107 bezp\u0142atne. Co wi\u0119cej, pobieranie op\u0142at za po\u0142\u0105czenia reklamacyjne lub zg\u0142oszenia awarii mo\u017ce stanowi\u0107 przenoszenie na konsument\u00f3w ryzyka gospodarczego prowadzonej dzia\u0142alno\u015bci. Takie dzia\u0142anie mo\u017ce zniech\u0119ca\u0107 konsument\u00f3w do dochodzenia roszcze\u0144, np. gdy op\u0142ata za po\u0142\u0105czenie z infolini\u0105 przewy\u017csza\u0107 b\u0119dzie kwot\u0119 sporn\u0105<\/em>\u2013 m\u00f3wi Prezes UOKiK Tomasz Chr\u00f3stny.<\/p>\n<p>Drug\u0105 praktyk\u0105 zakwestionowan\u0105 przez Prezesa UOKiK jest pobieranie op\u0142at za diagnoz\u0119, czy do zg\u0142aszanego przez konsumenta w post\u0119powaniu reklamacyjnym uszkodzenia dosz\u0142o, oraz tego kt\u00f3ra ze stron przyczyni\u0142a si\u0119 do jego powstania.<\/p>\n<p><em>&#8211; Naliczenie op\u0142aty nast\u0119puje ju\u017c po dokonaniu diagnozy uszkodzenia. Wzywaj\u0105c technika konsument nie wie, czy us\u0142uga b\u0119dzie odp\u0142atna czy nie, co mo\u017ce powodowa\u0107 w\u0105tpliwo\u015bci czy zdecydowa\u0107 si\u0119 na napraw\u0119. Obowi\u0105zkiem ka\u017cdego przedsi\u0119biorcy \u015bwiadcz\u0105cego us\u0142ugi jest bezp\u0142atnesprawdzenie zasadno\u015bci kierowanych do niego zg\u0142osze\u0144 reklamacyjnych<\/em> \u2013 m\u00f3wi Prezes UOKiK Tomasz Chr\u00f3stny.<\/p>\n<p>Post\u0119powanie w sprawie naruszenia zbiorowych interes\u00f3w konsument\u00f3w mo\u017ce zako\u0144czy\u0107 si\u0119 na\u0142o\u017ceniem kary finansowej do 10 proc. ubieg\u0142orocznego obrotu.<\/p>\n<p>To nie jedyne dzia\u0142ania Prezesa UOKiK wzgl\u0119dem Orange Polska. Kilka miesi\u0119cy temu zako\u0144czy\u0142o si\u0119 <a href=\"https:\/\/uokik.gov.pl\/aktualnosci.php?news_id=18465\">post\u0119powanie dotycz\u0105ce aktywacji p\u0142atnych us\u0142ug dodatkowych bez wyra\u017anej zgody konsumenta<\/a>.<\/p>\n<p><strong>Pomoc dla konsument\u00f3w:<\/strong><\/p>\n<p>Tel. 801\u00a0440\u00a0220 lub 22\u00a0290 89 16 \u2013 infolinia konsumencka<br \/>\nE-mail:\u00a0<a href=\"mailto:porady@dlakonsumentow.pl\">porady@dlakonsumentow.pl<\/a><br \/>\n<a href=\"https:\/\/uokik.gov.pl\/pomoc.php\">Rzecznicy konsument\u00f3w<\/a>\u00a0\u2013 w twoim mie\u015bcie lub powiecie<br \/>\n<a href=\"https:\/\/cik.uke.gov.pl\/\">Urz\u0105d Komunikacji Elektronicznej \u2013 Centrum Informacji Konsumenckiej<\/a>\u00a0tel. 22 330 40 00<\/p>\n<p>&nbsp;<\/p>\n<p>\u0179r\u00f3d\u0142o: <a href=\"https:\/\/uokik.gov.pl\/aktualnosci.php?news_id=18858\">https:\/\/uokik.gov.pl\/aktualnosci.php?news_id=18858<\/a><\/p>\n","protected":false},"excerpt":{"rendered":"","protected":false},"author":1,"featured_media":2244,"comment_status":"closed","ping_status":"closed","sticky":false,"template":"","format":"standard","meta":{"cybocfi_hide_featured_image":"","footnotes":""},"categories":[1],"tags":[],"class_list":["post-2242","post","type-post","status-publish","format-standard","has-post-thumbnail","hentry","category-news"],"_links":{"self":[{"href":"https:\/\/ih.olsztyn.pl\/index.php\/wp-json\/wp\/v2\/posts\/2242","targetHints":{"allow":["GET"]}}],"collection":[{"href":"https:\/\/ih.olsztyn.pl\/index.php\/wp-json\/wp\/v2\/posts"}],"about":[{"href":"https:\/\/ih.olsztyn.pl\/index.php\/wp-json\/wp\/v2\/types\/post"}],"author":[{"embeddable":true,"href":"https:\/\/ih.olsztyn.pl\/index.php\/wp-json\/wp\/v2\/users\/1"}],"replies":[{"embeddable":true,"href":"https:\/\/ih.olsztyn.pl\/index.php\/wp-json\/wp\/v2\/comments?post=2242"}],"version-history":[{"count":1,"href":"https:\/\/ih.olsztyn.pl\/index.php\/wp-json\/wp\/v2\/posts\/2242\/revisions"}],"predecessor-version":[{"id":2243,"href":"https:\/\/ih.olsztyn.pl\/index.php\/wp-json\/wp\/v2\/posts\/2242\/revisions\/2243"}],"wp:featuredmedia":[{"embeddable":true,"href":"https:\/\/ih.olsztyn.pl\/index.php\/wp-json\/wp\/v2\/media\/2244"}],"wp:attachment":[{"href":"https:\/\/ih.olsztyn.pl\/index.php\/wp-json\/wp\/v2\/media?parent=2242"}],"wp:term":[{"taxonomy":"category","embeddable":true,"href":"https:\/\/ih.olsztyn.pl\/index.php\/wp-json\/wp\/v2\/categories?post=2242"},{"taxonomy":"post_tag","embeddable":true,"href":"https:\/\/ih.olsztyn.pl\/index.php\/wp-json\/wp\/v2\/tags?post=2242"}],"curies":[{"name":"wp","href":"https:\/\/api.w.org\/{rel}","templated":true}]}}