{"id":2189,"date":"2022-05-20T09:52:11","date_gmt":"2022-05-20T07:52:11","guid":{"rendered":"https:\/\/ih.olsztyn.pl\/?p=2189"},"modified":"2022-06-02T06:49:41","modified_gmt":"2022-06-02T04:49:41","slug":"elektrosmieci-obowiazki-sprzedawcy-i-prawa-konsumenta","status":"publish","type":"post","link":"https:\/\/ih.olsztyn.pl\/index.php\/2022\/05\/20\/elektrosmieci-obowiazki-sprzedawcy-i-prawa-konsumenta\/","title":{"rendered":"Elektro\u015bmieci &#8211; obowi\u0105zki sprzedawcy i prawa konsumenta"},"content":{"rendered":"<p><!--more--><\/p>\n<ul>\n<li><strong>Gdzie odda\u0107 star\u0105 pralk\u0119? Co zrobi\u0107 z zepsutym \u017celazkiem, gdy zamawiamy nowe? <\/strong><strong>Czy na suszarce znajduje si\u0119 informacja,<\/strong><strong> \u017ceby nie wyrzuca\u0107 jej razem z innymi odpadami?<\/strong><\/li>\n<li><strong>Inspekcja Handlowa wzi\u0119\u0142a pod lup\u0119 ponad 1000 przedsi\u0119biorc\u00f3w i sprawdzi\u0142a, czy odpowiednio informuj\u0105 o utylizacji\u00a0<\/strong><strong>elektro\u015bmieci oraz miejscach ich zbi\u00f3rki.<\/strong><\/li>\n<li><strong>Co czwarty z nich nie informuje klient\u00f3w o tym, <\/strong><strong>co zrobi\u0107 ze starym sprz\u0119tem przy zakupie nowego<\/strong><strong>. Ponadto prawie 7 proc. pralek, lod\u00f3wek, suszarek nie mia\u0142o symbolu selektywnego zbierania (mimo\u00a0\u017ce powinno)<span style=\"font-family: Tahoma, Garuda;\">.<\/span><\/strong><\/li>\n<\/ul>\n<p><img loading=\"lazy\" decoding=\"async\" class=\"alignnone size-large wp-image-2193\" src=\"https:\/\/ih.olsztyn.pl\/wp-content\/uploads\/1-45-1024x576.png\" alt=\"\" width=\"640\" height=\"360\" srcset=\"https:\/\/ih.olsztyn.pl\/wp-content\/uploads\/1-45-1024x576.png 1024w, https:\/\/ih.olsztyn.pl\/wp-content\/uploads\/1-45-300x169.png 300w, https:\/\/ih.olsztyn.pl\/wp-content\/uploads\/1-45-768x432.png 768w, https:\/\/ih.olsztyn.pl\/wp-content\/uploads\/1-45.png 1500w\" sizes=\"auto, (max-width: 640px) 100vw, 640px\" \/><\/p>\n<p><img loading=\"lazy\" decoding=\"async\" class=\"alignnone size-large wp-image-2194\" src=\"https:\/\/ih.olsztyn.pl\/wp-content\/uploads\/2-44-1024x576.png\" alt=\"\" width=\"640\" height=\"360\" srcset=\"https:\/\/ih.olsztyn.pl\/wp-content\/uploads\/2-44-1024x576.png 1024w, https:\/\/ih.olsztyn.pl\/wp-content\/uploads\/2-44-300x169.png 300w, https:\/\/ih.olsztyn.pl\/wp-content\/uploads\/2-44-768x432.png 768w, https:\/\/ih.olsztyn.pl\/wp-content\/uploads\/2-44.png 1500w\" sizes=\"auto, (max-width: 640px) 100vw, 640px\" \/><\/p>\n<p><img loading=\"lazy\" decoding=\"async\" class=\"alignnone size-large wp-image-2195\" src=\"https:\/\/ih.olsztyn.pl\/wp-content\/uploads\/3-42-1024x576.png\" alt=\"\" width=\"640\" height=\"360\" srcset=\"https:\/\/ih.olsztyn.pl\/wp-content\/uploads\/3-42-1024x576.png 1024w, https:\/\/ih.olsztyn.pl\/wp-content\/uploads\/3-42-300x169.png 300w, https:\/\/ih.olsztyn.pl\/wp-content\/uploads\/3-42-768x432.png 768w, https:\/\/ih.olsztyn.pl\/wp-content\/uploads\/3-42.png 1500w\" sizes=\"auto, (max-width: 640px) 100vw, 640px\" \/><\/p>\n<p>&nbsp;<\/p>\n<p><img loading=\"lazy\" decoding=\"async\" class=\"alignnone size-large wp-image-2197\" src=\"https:\/\/ih.olsztyn.pl\/wp-content\/uploads\/4-38-1024x576.png\" alt=\"\" width=\"640\" height=\"360\" srcset=\"https:\/\/ih.olsztyn.pl\/wp-content\/uploads\/4-38-1024x576.png 1024w, https:\/\/ih.olsztyn.pl\/wp-content\/uploads\/4-38-300x169.png 300w, https:\/\/ih.olsztyn.pl\/wp-content\/uploads\/4-38-768x432.png 768w, https:\/\/ih.olsztyn.pl\/wp-content\/uploads\/4-38.png 1500w\" sizes=\"auto, (max-width: 640px) 100vw, 640px\" \/><\/p>\n<p><img loading=\"lazy\" decoding=\"async\" class=\"alignnone size-large wp-image-2198\" src=\"https:\/\/ih.olsztyn.pl\/wp-content\/uploads\/5-27-1024x576.png\" alt=\"\" width=\"640\" height=\"360\" srcset=\"https:\/\/ih.olsztyn.pl\/wp-content\/uploads\/5-27-1024x576.png 1024w, https:\/\/ih.olsztyn.pl\/wp-content\/uploads\/5-27-300x169.png 300w, https:\/\/ih.olsztyn.pl\/wp-content\/uploads\/5-27-768x432.png 768w, https:\/\/ih.olsztyn.pl\/wp-content\/uploads\/5-27.png 1500w\" sizes=\"auto, (max-width: 640px) 100vw, 640px\" \/><\/p>\n<p><img loading=\"lazy\" decoding=\"async\" class=\"alignnone size-large wp-image-2199\" src=\"https:\/\/ih.olsztyn.pl\/wp-content\/uploads\/6-16-1024x576.png\" alt=\"\" width=\"640\" height=\"360\" srcset=\"https:\/\/ih.olsztyn.pl\/wp-content\/uploads\/6-16-1024x576.png 1024w, https:\/\/ih.olsztyn.pl\/wp-content\/uploads\/6-16-300x169.png 300w, https:\/\/ih.olsztyn.pl\/wp-content\/uploads\/6-16-768x432.png 768w, https:\/\/ih.olsztyn.pl\/wp-content\/uploads\/6-16.png 1500w\" sizes=\"auto, (max-width: 640px) 100vw, 640px\" \/><\/p>\n<p><strong>Dodatkowe informacje dla medi\u00f3w:<\/strong><\/p>\n<p>Biuro Prasowe UOKiK<br \/>\npl. Powsta\u0144c\u00f3w Warszawy 1, 00-950 Warszawa<br \/>\nTel.: 22 55 60 246<br \/>\nE-mail:\u00a0<a href=\"mailto:biuroprasowe@uokik.gov.pl\">biuroprasowe@uokik.gov.pl<\/a><br \/>\nTwitter:\u00a0@UOKiKgovPL<br \/>\nZnajdziesz nas r\u00f3wnie\u017c na Instagramie:\u00a0<a href=\"https:\/\/www.instagram.com\/uokikgovpl\/\">@uokikgovpl<\/a><\/p>\n<p><strong>Pomoc dla konsument\u00f3w:<\/strong><\/p>\n<p>Tel. 801\u00a0440\u00a0220 lub 22\u00a0290 89 16 \u2013 infolinia konsumencka<br \/>\nE-mail:\u00a0<a href=\"mailto:porady@dlakonsumentow.pl\">porady@dlakonsumentow.pl<\/a><br \/>\n<a href=\"https:\/\/uokik.gov.pl\/pomoc.php\" target=\"_blank\" rel=\"noopener\">Rzecznicy konsument\u00f3w<\/a>\u00a0\u2013 w Twoim mie\u015bcie lub powiecie<br \/>\n<a href=\"https:\/\/uokik.gov.pl\/wojewodzkie_inspektoraty_inspekcji_handlowej.php\">Inspekcja Handlowa<\/a>\u00a0\u2013 w Twoim wojew\u00f3dztwie<\/p>\n<p>&nbsp;<\/p>\n<p>\u0179r\u00f3d\u0142o: <a href=\"https:\/\/uokik.gov.pl\/aktualnosci.php?news_id=18519\">https:\/\/uokik.gov.pl\/aktualnosci.php?news_id=18519<\/a><\/p>\n","protected":false},"excerpt":{"rendered":"","protected":false},"author":1,"featured_media":2201,"comment_status":"closed","ping_status":"closed","sticky":false,"template":"","format":"standard","meta":{"cybocfi_hide_featured_image":"","footnotes":""},"categories":[1],"tags":[],"class_list":["post-2189","post","type-post","status-publish","format-standard","has-post-thumbnail","hentry","category-news"],"_links":{"self":[{"href":"https:\/\/ih.olsztyn.pl\/index.php\/wp-json\/wp\/v2\/posts\/2189","targetHints":{"allow":["GET"]}}],"collection":[{"href":"https:\/\/ih.olsztyn.pl\/index.php\/wp-json\/wp\/v2\/posts"}],"about":[{"href":"https:\/\/ih.olsztyn.pl\/index.php\/wp-json\/wp\/v2\/types\/post"}],"author":[{"embeddable":true,"href":"https:\/\/ih.olsztyn.pl\/index.php\/wp-json\/wp\/v2\/users\/1"}],"replies":[{"embeddable":true,"href":"https:\/\/ih.olsztyn.pl\/index.php\/wp-json\/wp\/v2\/comments?post=2189"}],"version-history":[{"count":4,"href":"https:\/\/ih.olsztyn.pl\/index.php\/wp-json\/wp\/v2\/posts\/2189\/revisions"}],"predecessor-version":[{"id":2200,"href":"https:\/\/ih.olsztyn.pl\/index.php\/wp-json\/wp\/v2\/posts\/2189\/revisions\/2200"}],"wp:featuredmedia":[{"embeddable":true,"href":"https:\/\/ih.olsztyn.pl\/index.php\/wp-json\/wp\/v2\/media\/2201"}],"wp:attachment":[{"href":"https:\/\/ih.olsztyn.pl\/index.php\/wp-json\/wp\/v2\/media?parent=2189"}],"wp:term":[{"taxonomy":"category","embeddable":true,"href":"https:\/\/ih.olsztyn.pl\/index.php\/wp-json\/wp\/v2\/categories?post=2189"},{"taxonomy":"post_tag","embeddable":true,"href":"https:\/\/ih.olsztyn.pl\/index.php\/wp-json\/wp\/v2\/tags?post=2189"}],"curies":[{"name":"wp","href":"https:\/\/api.w.org\/{rel}","templated":true}]}}