{"id":2178,"date":"2022-05-16T13:10:51","date_gmt":"2022-05-16T11:10:51","guid":{"rendered":"https:\/\/ih.olsztyn.pl\/?p=2178"},"modified":"2022-05-20T09:20:19","modified_gmt":"2022-05-20T07:20:19","slug":"mur-ale-historia-wojska-polskiego-konkurs-organizowany-przez-mon","status":"publish","type":"post","link":"https:\/\/ih.olsztyn.pl\/index.php\/2022\/05\/16\/mur-ale-historia-wojska-polskiego-konkurs-organizowany-przez-mon\/","title":{"rendered":"Mur, ale historia Wojska Polskiego &#8211; konkurs organizowany przez MON"},"content":{"rendered":"<p><!--more--><\/p>\n<p style=\"text-align: center;\"><span style=\"font-size: 12pt;\">Szanowni Pa\u0144stwo, Ministerstwo Obrony Narodowej zaprasza do udzia\u0142u w II edycji konkursu &#8222;MUR,ALE HISTORIA WOJSKA POLSKIEGO&#8221;. To szansa na dofinansowanie projekt\u00f3w dla lokalnych spo\u0142eczno\u015bci. Na realizacj\u0119 zada\u0144 MON przeznaczy w sumie 3.000.000 z\u0142.<\/span><br \/>\n<span style=\"font-size: 12pt;\">Zach\u0119camy do tworzenia murali opowiadaj\u0105cych o Wojsku Polskim i walkach o suwerenno\u015b\u0107 Polski, od \u015bredniowiecza po wsp\u00f3\u0142czesno\u015b\u0107. Prace mog\u0105 tak\u017ce upami\u0119tnia\u0107 wa\u017cne dla regionu wydarzenia historyczne lub przypomina\u0107 o lokalnych bohaterach walk o niepodleg\u0142o\u015b\u0107. Mural, nie mniejszy ni\u017c 3 metry szeroko\u015bci i 3 metry wysoko\u015bci, powinien zosta\u0107 wykonany technik\u0105 zapewniaj\u0105c\u0105 5-letni\u0105 trwa\u0142o\u015b\u0107.<\/span><br \/>\n<span style=\"font-size: 12pt;\">Konkurs adresowany jest do organizacji pozarz\u0105dowych oraz podmiot\u00f3w, o kt\u00f3rych mowa w art. 3 ust. 3 ustawy o dzia\u0142alno\u015bci po\u017cytku publicznego i o wolontariacie. Wnioski nale\u017cy sk\u0142ada\u0107 do 8 czerwca 2022 r.<\/span><br \/>\n<span style=\"font-size: 12pt;\">Warto zainteresowa\u0107 tym tematem lokalne media. W za\u0142\u0105czniku grafika do publikacji wi\u0119cej informacji na<\/span><br \/>\n<span style=\"font-size: 12pt;\">stronie MON <a href=\"https:\/\/www.gov.pl\/web\/obrona-narodowa\/mur-ale-historia-wojska-polskiego3\">https:\/\/www.gov.pl\/web\/obrona-narodowa\/mur-ale-historia-wojska-polskiego3<\/a><\/span><\/p>\n","protected":false},"excerpt":{"rendered":"","protected":false},"author":1,"featured_media":2180,"comment_status":"closed","ping_status":"closed","sticky":false,"template":"","format":"standard","meta":{"cybocfi_hide_featured_image":"","footnotes":""},"categories":[1],"tags":[],"class_list":["post-2178","post","type-post","status-publish","format-standard","has-post-thumbnail","hentry","category-news"],"_links":{"self":[{"href":"https:\/\/ih.olsztyn.pl\/index.php\/wp-json\/wp\/v2\/posts\/2178","targetHints":{"allow":["GET"]}}],"collection":[{"href":"https:\/\/ih.olsztyn.pl\/index.php\/wp-json\/wp\/v2\/posts"}],"about":[{"href":"https:\/\/ih.olsztyn.pl\/index.php\/wp-json\/wp\/v2\/types\/post"}],"author":[{"embeddable":true,"href":"https:\/\/ih.olsztyn.pl\/index.php\/wp-json\/wp\/v2\/users\/1"}],"replies":[{"embeddable":true,"href":"https:\/\/ih.olsztyn.pl\/index.php\/wp-json\/wp\/v2\/comments?post=2178"}],"version-history":[{"count":2,"href":"https:\/\/ih.olsztyn.pl\/index.php\/wp-json\/wp\/v2\/posts\/2178\/revisions"}],"predecessor-version":[{"id":2184,"href":"https:\/\/ih.olsztyn.pl\/index.php\/wp-json\/wp\/v2\/posts\/2178\/revisions\/2184"}],"wp:featuredmedia":[{"embeddable":true,"href":"https:\/\/ih.olsztyn.pl\/index.php\/wp-json\/wp\/v2\/media\/2180"}],"wp:attachment":[{"href":"https:\/\/ih.olsztyn.pl\/index.php\/wp-json\/wp\/v2\/media?parent=2178"}],"wp:term":[{"taxonomy":"category","embeddable":true,"href":"https:\/\/ih.olsztyn.pl\/index.php\/wp-json\/wp\/v2\/categories?post=2178"},{"taxonomy":"post_tag","embeddable":true,"href":"https:\/\/ih.olsztyn.pl\/index.php\/wp-json\/wp\/v2\/tags?post=2178"}],"curies":[{"name":"wp","href":"https:\/\/api.w.org\/{rel}","templated":true}]}}