{"id":2012,"date":"2022-01-12T14:05:13","date_gmt":"2022-01-12T13:05:13","guid":{"rendered":"https:\/\/ih.olsztyn.pl\/?p=2012"},"modified":"2022-01-24T15:12:27","modified_gmt":"2022-01-24T14:12:27","slug":"alkohol-i-papierosy-kontrola-w-2021-roku","status":"publish","type":"post","link":"https:\/\/ih.olsztyn.pl\/index.php\/2022\/01\/12\/alkohol-i-papierosy-kontrola-w-2021-roku\/","title":{"rendered":"Alkohol i papierosy &#8211; kontrola w 2021 roku"},"content":{"rendered":"<p><!--more--><\/p>\n<ul>\n<li><strong>Inspekcja Handlowa <\/strong><strong>sprawdza przestrzeganie podstawowych przepis\u00f3w reguluj\u0105cych obr\u00f3t alkoholem i papierosami \u2013 ustaw o wychowaniu w trze\u017awo\u015bci, ochronie zdrowia przed u\u017cywaniem tytoniu oraz o podatku akcyzowym.<\/strong><\/li>\n<li><strong>Dzi\u0119ki kontrolom <\/strong><strong>inspektorzy wycofuj\u0105 z rynku <\/strong><strong>produkty pochodz\u0105ce z nielegalnych \u017ar\u00f3de\u0142, jak r\u00f3wnie\u017c te, kt\u00f3re nie posiadaj\u0105 odpowiedniego oznakowania lub zabezpiecze\u0144. <\/strong><\/li>\n<li><strong>Zapoznaj si\u0119 z wynikami kontroli z pierwszych trzech kwarta\u0142\u00f3w 2021 roku \u2013 pobierz <a href=\"https:\/\/www.uokik.gov.pl\/download.php?plik=26094\">raport<\/a> oraz <a href=\"https:\/\/www.uokik.gov.pl\/download.php?plik=26093\">wykaz nieprawid\u0142owo\u015bci<\/a>.<\/strong><\/li>\n<\/ul>\n<p><img loading=\"lazy\" decoding=\"async\" class=\"aligncenter size-full wp-image-2013\" src=\"https:\/\/ih.olsztyn.pl\/wp-content\/uploads\/1-15.jpg\" alt=\"\" width=\"1920\" height=\"1079\" srcset=\"https:\/\/ih.olsztyn.pl\/wp-content\/uploads\/1-15.jpg 1920w, https:\/\/ih.olsztyn.pl\/wp-content\/uploads\/1-15-300x169.jpg 300w, https:\/\/ih.olsztyn.pl\/wp-content\/uploads\/1-15-1024x575.jpg 1024w, https:\/\/ih.olsztyn.pl\/wp-content\/uploads\/1-15-768x432.jpg 768w, https:\/\/ih.olsztyn.pl\/wp-content\/uploads\/1-15-1536x863.jpg 1536w\" sizes=\"auto, (max-width: 1920px) 100vw, 1920px\" \/><\/p>\n<p><img loading=\"lazy\" decoding=\"async\" class=\"aligncenter size-full wp-image-2014\" src=\"https:\/\/ih.olsztyn.pl\/wp-content\/uploads\/2-15.jpg\" alt=\"\" width=\"1920\" height=\"1079\" srcset=\"https:\/\/ih.olsztyn.pl\/wp-content\/uploads\/2-15.jpg 1920w, https:\/\/ih.olsztyn.pl\/wp-content\/uploads\/2-15-300x169.jpg 300w, https:\/\/ih.olsztyn.pl\/wp-content\/uploads\/2-15-1024x575.jpg 1024w, https:\/\/ih.olsztyn.pl\/wp-content\/uploads\/2-15-768x432.jpg 768w, https:\/\/ih.olsztyn.pl\/wp-content\/uploads\/2-15-1536x863.jpg 1536w\" sizes=\"auto, (max-width: 1920px) 100vw, 1920px\" \/><\/p>\n<p><img loading=\"lazy\" decoding=\"async\" class=\"aligncenter size-full wp-image-2015\" src=\"https:\/\/ih.olsztyn.pl\/wp-content\/uploads\/3-13.jpg\" alt=\"\" width=\"1920\" height=\"1079\" srcset=\"https:\/\/ih.olsztyn.pl\/wp-content\/uploads\/3-13.jpg 1920w, https:\/\/ih.olsztyn.pl\/wp-content\/uploads\/3-13-300x169.jpg 300w, https:\/\/ih.olsztyn.pl\/wp-content\/uploads\/3-13-1024x575.jpg 1024w, https:\/\/ih.olsztyn.pl\/wp-content\/uploads\/3-13-768x432.jpg 768w, https:\/\/ih.olsztyn.pl\/wp-content\/uploads\/3-13-1536x863.jpg 1536w\" sizes=\"auto, (max-width: 1920px) 100vw, 1920px\" \/><\/p>\n<p><img loading=\"lazy\" decoding=\"async\" class=\"aligncenter size-full wp-image-2016\" src=\"https:\/\/ih.olsztyn.pl\/wp-content\/uploads\/4-9.jpg\" alt=\"\" width=\"1920\" height=\"1079\" srcset=\"https:\/\/ih.olsztyn.pl\/wp-content\/uploads\/4-9.jpg 1920w, https:\/\/ih.olsztyn.pl\/wp-content\/uploads\/4-9-300x169.jpg 300w, https:\/\/ih.olsztyn.pl\/wp-content\/uploads\/4-9-1024x575.jpg 1024w, https:\/\/ih.olsztyn.pl\/wp-content\/uploads\/4-9-768x432.jpg 768w, https:\/\/ih.olsztyn.pl\/wp-content\/uploads\/4-9-1536x863.jpg 1536w\" sizes=\"auto, (max-width: 1920px) 100vw, 1920px\" \/><\/p>\n<p><img loading=\"lazy\" decoding=\"async\" class=\"aligncenter size-full wp-image-2017\" src=\"https:\/\/ih.olsztyn.pl\/wp-content\/uploads\/5-6.jpg\" alt=\"\" width=\"1920\" height=\"1079\" srcset=\"https:\/\/ih.olsztyn.pl\/wp-content\/uploads\/5-6.jpg 1920w, https:\/\/ih.olsztyn.pl\/wp-content\/uploads\/5-6-300x169.jpg 300w, https:\/\/ih.olsztyn.pl\/wp-content\/uploads\/5-6-1024x575.jpg 1024w, https:\/\/ih.olsztyn.pl\/wp-content\/uploads\/5-6-768x432.jpg 768w, https:\/\/ih.olsztyn.pl\/wp-content\/uploads\/5-6-1536x863.jpg 1536w\" sizes=\"auto, (max-width: 1920px) 100vw, 1920px\" \/><\/p>\n<p><img loading=\"lazy\" decoding=\"async\" class=\"aligncenter size-full wp-image-2018\" src=\"https:\/\/ih.olsztyn.pl\/wp-content\/uploads\/6-6.jpg\" alt=\"\" width=\"1920\" height=\"1079\" srcset=\"https:\/\/ih.olsztyn.pl\/wp-content\/uploads\/6-6.jpg 1920w, https:\/\/ih.olsztyn.pl\/wp-content\/uploads\/6-6-300x169.jpg 300w, https:\/\/ih.olsztyn.pl\/wp-content\/uploads\/6-6-1024x575.jpg 1024w, https:\/\/ih.olsztyn.pl\/wp-content\/uploads\/6-6-768x432.jpg 768w, https:\/\/ih.olsztyn.pl\/wp-content\/uploads\/6-6-1536x863.jpg 1536w\" sizes=\"auto, (max-width: 1920px) 100vw, 1920px\" \/><\/p>\n<p><img loading=\"lazy\" decoding=\"async\" class=\"aligncenter size-full wp-image-2019\" src=\"https:\/\/ih.olsztyn.pl\/wp-content\/uploads\/7-3.jpg\" alt=\"\" width=\"1920\" height=\"1079\" srcset=\"https:\/\/ih.olsztyn.pl\/wp-content\/uploads\/7-3.jpg 1920w, https:\/\/ih.olsztyn.pl\/wp-content\/uploads\/7-3-300x169.jpg 300w, https:\/\/ih.olsztyn.pl\/wp-content\/uploads\/7-3-1024x575.jpg 1024w, https:\/\/ih.olsztyn.pl\/wp-content\/uploads\/7-3-768x432.jpg 768w, https:\/\/ih.olsztyn.pl\/wp-content\/uploads\/7-3-1536x863.jpg 1536w\" sizes=\"auto, (max-width: 1920px) 100vw, 1920px\" \/><\/p>\n<p><img loading=\"lazy\" decoding=\"async\" class=\"aligncenter size-full wp-image-2020\" src=\"https:\/\/ih.olsztyn.pl\/wp-content\/uploads\/8-1.jpg\" alt=\"\" width=\"1920\" height=\"1079\" srcset=\"https:\/\/ih.olsztyn.pl\/wp-content\/uploads\/8-1.jpg 1920w, https:\/\/ih.olsztyn.pl\/wp-content\/uploads\/8-1-300x169.jpg 300w, https:\/\/ih.olsztyn.pl\/wp-content\/uploads\/8-1-1024x575.jpg 1024w, https:\/\/ih.olsztyn.pl\/wp-content\/uploads\/8-1-768x432.jpg 768w, https:\/\/ih.olsztyn.pl\/wp-content\/uploads\/8-1-1536x863.jpg 1536w\" sizes=\"auto, (max-width: 1920px) 100vw, 1920px\" \/><\/p>\n<p><img loading=\"lazy\" decoding=\"async\" class=\"aligncenter size-full wp-image-2021\" src=\"https:\/\/ih.olsztyn.pl\/wp-content\/uploads\/9-1.jpg\" alt=\"\" width=\"1920\" height=\"1079\" srcset=\"https:\/\/ih.olsztyn.pl\/wp-content\/uploads\/9-1.jpg 1920w, https:\/\/ih.olsztyn.pl\/wp-content\/uploads\/9-1-300x169.jpg 300w, https:\/\/ih.olsztyn.pl\/wp-content\/uploads\/9-1-1024x575.jpg 1024w, https:\/\/ih.olsztyn.pl\/wp-content\/uploads\/9-1-768x432.jpg 768w, https:\/\/ih.olsztyn.pl\/wp-content\/uploads\/9-1-1536x863.jpg 1536w\" sizes=\"auto, (max-width: 1920px) 100vw, 1920px\" \/><\/p>\n<p><img loading=\"lazy\" decoding=\"async\" class=\"aligncenter size-full wp-image-2022\" src=\"https:\/\/ih.olsztyn.pl\/wp-content\/uploads\/10-1.jpg\" alt=\"\" width=\"1920\" height=\"1079\" srcset=\"https:\/\/ih.olsztyn.pl\/wp-content\/uploads\/10-1.jpg 1920w, https:\/\/ih.olsztyn.pl\/wp-content\/uploads\/10-1-300x169.jpg 300w, https:\/\/ih.olsztyn.pl\/wp-content\/uploads\/10-1-1024x575.jpg 1024w, https:\/\/ih.olsztyn.pl\/wp-content\/uploads\/10-1-768x432.jpg 768w, https:\/\/ih.olsztyn.pl\/wp-content\/uploads\/10-1-1536x863.jpg 1536w\" sizes=\"auto, (max-width: 1920px) 100vw, 1920px\" \/><\/p>\n<p><img loading=\"lazy\" decoding=\"async\" class=\"aligncenter size-full wp-image-2023\" src=\"https:\/\/ih.olsztyn.pl\/wp-content\/uploads\/11-1.jpg\" alt=\"\" width=\"1920\" height=\"1079\" srcset=\"https:\/\/ih.olsztyn.pl\/wp-content\/uploads\/11-1.jpg 1920w, https:\/\/ih.olsztyn.pl\/wp-content\/uploads\/11-1-300x169.jpg 300w, https:\/\/ih.olsztyn.pl\/wp-content\/uploads\/11-1-1024x575.jpg 1024w, https:\/\/ih.olsztyn.pl\/wp-content\/uploads\/11-1-768x432.jpg 768w, https:\/\/ih.olsztyn.pl\/wp-content\/uploads\/11-1-1536x863.jpg 1536w\" sizes=\"auto, (max-width: 1920px) 100vw, 1920px\" \/><\/p>\n<p><img loading=\"lazy\" decoding=\"async\" class=\"aligncenter size-full wp-image-2024\" src=\"https:\/\/ih.olsztyn.pl\/wp-content\/uploads\/12-1.jpg\" alt=\"\" width=\"1920\" height=\"1079\" srcset=\"https:\/\/ih.olsztyn.pl\/wp-content\/uploads\/12-1.jpg 1920w, https:\/\/ih.olsztyn.pl\/wp-content\/uploads\/12-1-300x169.jpg 300w, https:\/\/ih.olsztyn.pl\/wp-content\/uploads\/12-1-1024x575.jpg 1024w, https:\/\/ih.olsztyn.pl\/wp-content\/uploads\/12-1-768x432.jpg 768w, https:\/\/ih.olsztyn.pl\/wp-content\/uploads\/12-1-1536x863.jpg 1536w\" sizes=\"auto, (max-width: 1920px) 100vw, 1920px\" \/><\/p>\n<p><img loading=\"lazy\" decoding=\"async\" class=\"aligncenter size-full wp-image-2025\" src=\"https:\/\/ih.olsztyn.pl\/wp-content\/uploads\/13-1.jpg\" alt=\"\" width=\"1920\" height=\"1079\" srcset=\"https:\/\/ih.olsztyn.pl\/wp-content\/uploads\/13-1.jpg 1920w, https:\/\/ih.olsztyn.pl\/wp-content\/uploads\/13-1-300x169.jpg 300w, https:\/\/ih.olsztyn.pl\/wp-content\/uploads\/13-1-1024x575.jpg 1024w, https:\/\/ih.olsztyn.pl\/wp-content\/uploads\/13-1-768x432.jpg 768w, https:\/\/ih.olsztyn.pl\/wp-content\/uploads\/13-1-1536x863.jpg 1536w\" sizes=\"auto, (max-width: 1920px) 100vw, 1920px\" \/><\/p>\n<p><strong>Dodatkowe informacje dla medi\u00f3w:<\/strong><\/p>\n<p>Biuro Prasowe UOKiK<br \/>\npl. Powsta\u0144c\u00f3w Warszawy 1, 00-950 Warszawa<br \/>\nTel.: 22 55 60 246<br \/>\nE-mail:\u00a0<a href=\"mailto:biuroprasowe@uokik.gov.pl\">biuroprasowe@uokik.gov.pl<\/a><br \/>\nTwitter:\u00a0<a href=\"https:\/\/twitter.com\/UOKiKgovPL\">@UOKiKgovPL<\/a><\/p>\n<p><strong>Pomoc dla konsument\u00f3w:<\/strong><\/p>\n<p>Tel. 801\u00a0440\u00a0220 lub 22\u00a0290 89 16 \u2013 infolinia konsumencka<br \/>\nE-mail:\u00a0<a href=\"mailto:porady@dlakonsumentow.pl\">porady@dlakonsumentow.pl<\/a><br \/>\n<a href=\"https:\/\/uokik.gov.pl\/pomoc.php\" target=\"_blank\" rel=\"noopener\">Rzecznicy konsument\u00f3w<\/a>\u00a0\u2013 w Twoim mie\u015bcie lub powiecie<br \/>\n<a href=\"https:\/\/konsument.gov.pl\/\">Europejskie Centrum Konsumenckie<\/a>: 22 55 60\u00a0600 \u2013 w sprawach transgranicznych dotycz\u0105cych pa\u0144stw UE, Norwegii, Islandii i Wielkiej Brytanii<\/p>\n<p>&nbsp;<\/p>\n<p>\u0179r\u00f3d\u0142o: <a href=\"https:\/\/www.uokik.gov.pl\/aktualnosci.php?news_id=18165\">https:\/\/www.uokik.gov.pl\/aktualnosci.php?news_id=18165<\/a><\/p>\n","protected":false},"excerpt":{"rendered":"","protected":false},"author":1,"featured_media":2027,"comment_status":"closed","ping_status":"closed","sticky":false,"template":"","format":"standard","meta":{"cybocfi_hide_featured_image":"","footnotes":""},"categories":[1],"tags":[],"class_list":["post-2012","post","type-post","status-publish","format-standard","has-post-thumbnail","hentry","category-news"],"_links":{"self":[{"href":"https:\/\/ih.olsztyn.pl\/index.php\/wp-json\/wp\/v2\/posts\/2012","targetHints":{"allow":["GET"]}}],"collection":[{"href":"https:\/\/ih.olsztyn.pl\/index.php\/wp-json\/wp\/v2\/posts"}],"about":[{"href":"https:\/\/ih.olsztyn.pl\/index.php\/wp-json\/wp\/v2\/types\/post"}],"author":[{"embeddable":true,"href":"https:\/\/ih.olsztyn.pl\/index.php\/wp-json\/wp\/v2\/users\/1"}],"replies":[{"embeddable":true,"href":"https:\/\/ih.olsztyn.pl\/index.php\/wp-json\/wp\/v2\/comments?post=2012"}],"version-history":[{"count":1,"href":"https:\/\/ih.olsztyn.pl\/index.php\/wp-json\/wp\/v2\/posts\/2012\/revisions"}],"predecessor-version":[{"id":2026,"href":"https:\/\/ih.olsztyn.pl\/index.php\/wp-json\/wp\/v2\/posts\/2012\/revisions\/2026"}],"wp:featuredmedia":[{"embeddable":true,"href":"https:\/\/ih.olsztyn.pl\/index.php\/wp-json\/wp\/v2\/media\/2027"}],"wp:attachment":[{"href":"https:\/\/ih.olsztyn.pl\/index.php\/wp-json\/wp\/v2\/media?parent=2012"}],"wp:term":[{"taxonomy":"category","embeddable":true,"href":"https:\/\/ih.olsztyn.pl\/index.php\/wp-json\/wp\/v2\/categories?post=2012"},{"taxonomy":"post_tag","embeddable":true,"href":"https:\/\/ih.olsztyn.pl\/index.php\/wp-json\/wp\/v2\/tags?post=2012"}],"curies":[{"name":"wp","href":"https:\/\/api.w.org\/{rel}","templated":true}]}}