{"id":1972,"date":"2021-12-10T09:57:25","date_gmt":"2021-12-10T08:57:25","guid":{"rendered":"https:\/\/ih.olsztyn.pl\/?p=1972"},"modified":"2021-12-20T07:53:50","modified_gmt":"2021-12-20T06:53:50","slug":"zakupy-swiateczne-jak-wybrac-odpowiedni-prezent","status":"publish","type":"post","link":"https:\/\/ih.olsztyn.pl\/index.php\/2021\/12\/10\/zakupy-swiateczne-jak-wybrac-odpowiedni-prezent\/","title":{"rendered":"Zakupy \u015bwi\u0105teczne &#8211; jak wybra\u0107 odpowiedni prezent?"},"content":{"rendered":"<p><!--more--><\/p>\n<ul>\n<li><strong>Kosmetyki, elektronika, bi\u017cuteria \u2014 to jedne z najcz\u0119\u015bciej wybieranych prezent\u00f3w pod choink\u0119. Podpowiadamy, jak kupowa\u0107, by prezent by\u0142 trafiony. <\/strong><\/li>\n<li><strong>Miko\u0142aj najcz\u0119\u015bciej przynosi dzieciom zabawki. Pami\u0119taj, aby wybrana zabawka by\u0142a nie tylko atrakcyjna, ale i bezpieczna. <\/strong><\/li>\n<li><strong>Zach\u0119camy do zr\u00f3wnowa\u017conej konsumpcji. Nietrafiony prezent b\u0119dzie bezu\u017cyteczny i obci\u0105\u017cy \u015brodowisko \u2014 wybierajmy m\u0105drze. <\/strong><\/li>\n<\/ul>\n<p>Okres przed\u015bwi\u0105teczny to czas, kiedy ch\u0119tnie kupujemy i wydajemy wi\u0119cej, z my\u015bl\u0105 o prezentach dla bliskich. Przypominamy o podstawowych prawach konsument\u00f3w oraz podpowiadamy, na co zwr\u00f3ci\u0107 uwag\u0119 przy \u015bwi\u0105tecznych zakupach.<\/p>\n<p><em>&#8211; Kupujmy \u015bwiadomie i nie dajmy si\u0119<\/em><em> ponie\u015b\u0107 sza\u0142owi zakup\u00f3w. Dzia\u0142ajmy zgodnie z aktualnym trendem<\/em><strong> <em>odpowiedzialnej,<\/em> <\/strong><strong><em>zr\u00f3wnowa\u017conej konsumpcji<\/em><\/strong><em>. Nie kupujmy dla samego kupowania. Niech te \u015bwi\u0105teczne prezenty b\u0119d\u0105 przemy\u015blane, a nasze decyzje zakupowe niech uwzgl\u0119dniaj\u0105 gust i upodobania os\u00f3b obdarowywanych. \u0179le wybrane produkty np. kosmetyki czy ubrania mog\u0105 si\u0119 zmarnowa\u0107, gdy nie b\u0119d\u0105 u\u017cywane. Nietrafiony prezent stanie si\u0119 odpadem i obci\u0105\u017ceniem dla \u015brodowiska. Zaplanujmy zatem zakupy \u015bwi\u0105teczne z wyprzedzeniem i nie dajmy si\u0119 ponie\u015b\u0107 impulsywnej konsumpcji, szkodliwej nie tylko dla \u015brodowiska, ile przede wszystkim \u2013 dla naszej kieszeni <\/em>\u2013 m\u00f3wi Tomasz Chr\u00f3stny, Prezes UOKiK.<\/p>\n<p><img loading=\"lazy\" decoding=\"async\" class=\"aligncenter size-full wp-image-1973\" src=\"https:\/\/ih.olsztyn.pl\/wp-content\/uploads\/1-39.png\" alt=\"\" width=\"1281\" height=\"720\" srcset=\"https:\/\/ih.olsztyn.pl\/wp-content\/uploads\/1-39.png 1281w, https:\/\/ih.olsztyn.pl\/wp-content\/uploads\/1-39-300x169.png 300w, https:\/\/ih.olsztyn.pl\/wp-content\/uploads\/1-39-1024x576.png 1024w, https:\/\/ih.olsztyn.pl\/wp-content\/uploads\/1-39-768x432.png 768w\" sizes=\"auto, (max-width: 1281px) 100vw, 1281px\" \/><\/p>\n<p><img loading=\"lazy\" decoding=\"async\" class=\"aligncenter size-full wp-image-1974\" src=\"https:\/\/ih.olsztyn.pl\/wp-content\/uploads\/2-38.png\" alt=\"\" width=\"1280\" height=\"720\" srcset=\"https:\/\/ih.olsztyn.pl\/wp-content\/uploads\/2-38.png 1280w, https:\/\/ih.olsztyn.pl\/wp-content\/uploads\/2-38-300x169.png 300w, https:\/\/ih.olsztyn.pl\/wp-content\/uploads\/2-38-1024x576.png 1024w, https:\/\/ih.olsztyn.pl\/wp-content\/uploads\/2-38-768x432.png 768w\" sizes=\"auto, (max-width: 1280px) 100vw, 1280px\" \/><\/p>\n<p><img loading=\"lazy\" decoding=\"async\" class=\"aligncenter size-full wp-image-1975\" src=\"https:\/\/ih.olsztyn.pl\/wp-content\/uploads\/3-37.png\" alt=\"\" width=\"1281\" height=\"720\" srcset=\"https:\/\/ih.olsztyn.pl\/wp-content\/uploads\/3-37.png 1281w, https:\/\/ih.olsztyn.pl\/wp-content\/uploads\/3-37-300x169.png 300w, https:\/\/ih.olsztyn.pl\/wp-content\/uploads\/3-37-1024x576.png 1024w, https:\/\/ih.olsztyn.pl\/wp-content\/uploads\/3-37-768x432.png 768w\" sizes=\"auto, (max-width: 1281px) 100vw, 1281px\" \/><\/p>\n<p><img loading=\"lazy\" decoding=\"async\" class=\"aligncenter size-full wp-image-1976\" src=\"https:\/\/ih.olsztyn.pl\/wp-content\/uploads\/4-33.png\" alt=\"\" width=\"1281\" height=\"720\" srcset=\"https:\/\/ih.olsztyn.pl\/wp-content\/uploads\/4-33.png 1281w, https:\/\/ih.olsztyn.pl\/wp-content\/uploads\/4-33-300x169.png 300w, https:\/\/ih.olsztyn.pl\/wp-content\/uploads\/4-33-1024x576.png 1024w, https:\/\/ih.olsztyn.pl\/wp-content\/uploads\/4-33-768x432.png 768w\" sizes=\"auto, (max-width: 1281px) 100vw, 1281px\" \/><\/p>\n<p><img loading=\"lazy\" decoding=\"async\" class=\"aligncenter size-full wp-image-1977\" src=\"https:\/\/ih.olsztyn.pl\/wp-content\/uploads\/5-24.png\" alt=\"\" width=\"1384\" height=\"779\" srcset=\"https:\/\/ih.olsztyn.pl\/wp-content\/uploads\/5-24.png 1384w, https:\/\/ih.olsztyn.pl\/wp-content\/uploads\/5-24-300x169.png 300w, https:\/\/ih.olsztyn.pl\/wp-content\/uploads\/5-24-1024x576.png 1024w, https:\/\/ih.olsztyn.pl\/wp-content\/uploads\/5-24-768x432.png 768w\" sizes=\"auto, (max-width: 1384px) 100vw, 1384px\" \/><\/p>\n<p><img loading=\"lazy\" decoding=\"async\" class=\"aligncenter size-full wp-image-1978\" src=\"https:\/\/ih.olsztyn.pl\/wp-content\/uploads\/6-13.png\" alt=\"\" width=\"1281\" height=\"721\" srcset=\"https:\/\/ih.olsztyn.pl\/wp-content\/uploads\/6-13.png 1281w, https:\/\/ih.olsztyn.pl\/wp-content\/uploads\/6-13-300x169.png 300w, https:\/\/ih.olsztyn.pl\/wp-content\/uploads\/6-13-1024x576.png 1024w, https:\/\/ih.olsztyn.pl\/wp-content\/uploads\/6-13-768x432.png 768w\" sizes=\"auto, (max-width: 1281px) 100vw, 1281px\" \/><\/p>\n<p><strong>Dodatkowe informacje dla medi\u00f3w:<\/strong><\/p>\n<p>Biuro Prasowe UOKiK<br \/>\npl. Powsta\u0144c\u00f3w Warszawy 1, 00-950 Warszawa<br \/>\nTel.: 22 55 60 246<br \/>\nE-mail:\u00a0<a href=\"mailto:biuroprasowe@uokik.gov.pl\">biuroprasowe@uokik.gov.pl<\/a><br \/>\nTwitter:\u00a0<a href=\"https:\/\/twitter.com\/UOKiKgovPL\">@UOKiKgovPL<\/a><\/p>\n<p><strong>Pomoc dla konsument\u00f3w:<\/strong><\/p>\n<p>Tel. 801\u00a0440\u00a0220 lub 22\u00a0290 89 16 \u2013 infolinia konsumencka<br \/>\nE-mail:\u00a0<a href=\"mailto:porady@dlakonsumentow.pl\">porady@dlakonsumentow.pl<\/a><br \/>\n<a href=\"https:\/\/uokik.gov.pl\/pomoc.php\" target=\"_blank\" rel=\"noopener\">Rzecznicy konsument\u00f3w<\/a>\u00a0\u2013 w Twoim mie\u015bcie lub powiecie<br \/>\n<a href=\"https:\/\/konsument.gov.pl\/\">Europejskie Centrum Konsumenckie<\/a>: 22 55 60\u00a0600 \u2013 w sprawach transgranicznych dotycz\u0105cych pa\u0144stw UE, Norwegii, Islandii i Wielkiej Brytanii<\/p>\n<p>&nbsp;<\/p>\n<p>\u0179r\u00f3d\u0142o: <a href=\"https:\/\/www.uokik.gov.pl\/aktualnosci.php?news_id=18087\">https:\/\/www.uokik.gov.pl\/aktualnosci.php?news_id=18087<\/a><\/p>\n","protected":false},"excerpt":{"rendered":"","protected":false},"author":1,"featured_media":1980,"comment_status":"closed","ping_status":"closed","sticky":false,"template":"","format":"standard","meta":{"cybocfi_hide_featured_image":"","footnotes":""},"categories":[1],"tags":[],"class_list":["post-1972","post","type-post","status-publish","format-standard","has-post-thumbnail","hentry","category-news"],"_links":{"self":[{"href":"https:\/\/ih.olsztyn.pl\/index.php\/wp-json\/wp\/v2\/posts\/1972","targetHints":{"allow":["GET"]}}],"collection":[{"href":"https:\/\/ih.olsztyn.pl\/index.php\/wp-json\/wp\/v2\/posts"}],"about":[{"href":"https:\/\/ih.olsztyn.pl\/index.php\/wp-json\/wp\/v2\/types\/post"}],"author":[{"embeddable":true,"href":"https:\/\/ih.olsztyn.pl\/index.php\/wp-json\/wp\/v2\/users\/1"}],"replies":[{"embeddable":true,"href":"https:\/\/ih.olsztyn.pl\/index.php\/wp-json\/wp\/v2\/comments?post=1972"}],"version-history":[{"count":1,"href":"https:\/\/ih.olsztyn.pl\/index.php\/wp-json\/wp\/v2\/posts\/1972\/revisions"}],"predecessor-version":[{"id":1979,"href":"https:\/\/ih.olsztyn.pl\/index.php\/wp-json\/wp\/v2\/posts\/1972\/revisions\/1979"}],"wp:featuredmedia":[{"embeddable":true,"href":"https:\/\/ih.olsztyn.pl\/index.php\/wp-json\/wp\/v2\/media\/1980"}],"wp:attachment":[{"href":"https:\/\/ih.olsztyn.pl\/index.php\/wp-json\/wp\/v2\/media?parent=1972"}],"wp:term":[{"taxonomy":"category","embeddable":true,"href":"https:\/\/ih.olsztyn.pl\/index.php\/wp-json\/wp\/v2\/categories?post=1972"},{"taxonomy":"post_tag","embeddable":true,"href":"https:\/\/ih.olsztyn.pl\/index.php\/wp-json\/wp\/v2\/tags?post=1972"}],"curies":[{"name":"wp","href":"https:\/\/api.w.org\/{rel}","templated":true}]}}