{"id":109,"date":"2018-05-17T12:40:00","date_gmt":"2018-02-15T17:05:04","guid":{"rendered":"http:\/\/192.168.0.51\/wordpress\/?p=109"},"modified":"2018-02-16T09:37:25","modified_gmt":"2018-02-16T08:37:25","slug":"czy-odblaski-i-kamizelki-ostrzegawcze-dobrze-chronia-kontrola-inspekcji-handlowej","status":"publish","type":"post","link":"https:\/\/ih.olsztyn.pl\/index.php\/2018\/05\/17\/czy-odblaski-i-kamizelki-ostrzegawcze-dobrze-chronia-kontrola-inspekcji-handlowej\/","title":{"rendered":"Czy odblaski i kamizelki ostrzegawcze dobrze chroni\u0105? Kontrola Inspekcji Handlowej"},"content":{"rendered":"<p><!--more--><\/p>\n<p>CZY ODBLASKI I KAMIZELKI OSTRZEGAWCZE DOBRZE CHRONI\u0104? KONTROLA INSPEKCJI HANDLOWEJ<\/p>\n<ul>\n<li><strong>Inspekcja Handlowa sprawdzi\u0142a odzie\u017c ostrzegawcz\u0105, odblaski i ochronniki s\u0142uchu.<\/strong><\/li>\n<li><strong>30 proc. wyrob\u00f3w nie spe\u0142nia\u0142o wymaga\u0144.<\/strong><\/li>\n<li><strong>UOKiK radzi, jak kupowa\u0107 odblaski i w\u0142a\u015bciwie ich u\u017cywa\u0107.<\/strong><\/li>\n<\/ul>\n<p><strong>[Warszawa, 2 stycznia 2018 r.] <\/strong>Inspekcja Handlowa wzi\u0119\u0142a pod lup\u0119 odzie\u017c ostrzegawcz\u0105, akcesoria odblaskowe i ochronniki s\u0142uchu. Kontrola odby\u0142a si\u0119 w II kwartale 2017 r.<br \/>\nw dziewi\u0119ciu wojew\u00f3dztwach. Inspektorzy sprawdzali g\u0142\u00f3wnie hurtownie i sklepy. Przyjrzeli si\u0119 53 produktom i zakwestionowali 16 z nich (30,2 proc.), m.in. z powodu negatywnych wynik\u00f3w bada\u0144 laboratoryjnych, b\u0142\u0119d\u00f3w w instrukcjach u\u017cytkowania oraz braku deklaracji zgodno\u015bci potwierdzaj\u0105cej przeprowadzenie przez producenta procedury oceny zgodno\u015bci.<\/p>\n<p>Co druga kamizelka ostrzegawcza zbadana w laboratorium mia\u0142a zani\u017cony wsp\u00f3\u0142czynnik luminancji \u015bwietlnej. Oznacza to brak odpowiedniej widoczno\u015bci u\u017cytkownika, co stwarza zagro\u017cenie dla jego zdrowia i \u017cycia, gdy porusza si\u0119 poboczem. W\u00a0przypadku odblask\u00f3w nie stwierdzono takich nieprawid\u0142owo\u015bci, by\u0142y natomiast zastrze\u017cenia do instrukcji u\u017cytkowania. Z powod\u00f3w niezgodno\u015bci formalnych inspektorzy zakwestionowali te\u017c 5 ochronnik\u00f3w s\u0142uchu.<\/p>\n<p>Wi\u0119kszo\u015b\u0107 przedsi\u0119biorc\u00f3w dobrowolnie usun\u0119\u0142a b\u0142\u0119dy. Prezes Urz\u0119du Ochrony Konkurencji i Konsument\u00f3w wszcz\u0105\u0142 post\u0119powanie w pi\u0119ciu sprawach.<\/p>\n<p><strong>UOKiK radzi: Kupuj i u\u017cywaj odblask\u00f3w z g\u0142ow\u0105<\/strong><\/p>\n<ul>\n<li><strong>Uwa\u017caj na gad\u017cety. <\/strong>Firmy cz\u0119sto rozdaj\u0105 akcesoria, kt\u00f3re przypominaj\u0105 odblaski. Nie wiadomo jednak, czy maj\u0105 odpowiednie w\u0142a\u015bciwo\u015bci, bo nie zosta\u0142y poddane procedurze oceny zgodno\u015bci. Potwierdzeniem, \u017ce element odblaskowy spe\u0142nia wymagania jest <strong>znak CE<\/strong>, umieszczany bezpo\u015brednio na odblasku lub na do\u0142\u0105czonej etykiecie.<\/li>\n<li><strong>Wa\u017cne informacje.<\/strong> Zwr\u00f3\u0107 uwag\u0119, czy na opakowaniu lub etykiecie jest <strong>nazwa producenta<\/strong> i <strong>typ odblasku<\/strong> (1 \u2013 swobodnie wisz\u0105cy, 2 \u2013 do zdejmowania, 3 \u2013 przytwierdzany na sta\u0142e).<\/li>\n<li>I<strong>nstrukcja u\u017cytkowania.<\/strong> Musi by\u0107 napisana <strong>po polsku<\/strong>. Dowiesz si\u0119 z niej m.in. jak<br \/>\ni gdzie zamocowa\u0107 odblask, jak go prawid\u0142owo u\u017cywa\u0107, w jakich warunkach go nie stosowa\u0107 i jak go przechowywa\u0107, aby nie straci\u0142 w\u0142a\u015bciwo\u015bci.<\/li>\n<li><strong>B\u0105d\u017a widoczny. <\/strong>No\u015b odblask tak, aby <strong>o\u015bwietla\u0142y go reflektory samochodu<\/strong>. Im ni\u017cej, tym lepiej. Dzi\u0119ki temu kierowca wcze\u015bniej ci\u0119 zauwa\u017cy. Nie zas\u0142aniaj odblasku szalikiem lub torb\u0105.<\/li>\n<li><strong>Prawa r\u0119ka lub noga. <\/strong>Mocuj elementy odblaskowe <strong>od strony ruchu pojazd\u00f3w.<\/strong> Je\u015bli zgodnie z przepisami idziesz lew\u0105 stron\u0105 drogi, no\u015b odblask na prawej r\u0119ce lub nodze.<\/li>\n<li><strong>Sprawdzaj stan odblask\u00f3w. <\/strong>Je\u015bli naszyta na ubranie lub plecak ta\u015bma odblaskowa si\u0119 wytar\u0142a, np. w praniu, wymie\u0144 j\u0105. Je\u015bli do odblasku z tworzywa sztucznego dosta\u0142a si\u0119 woda, kup nowy, bo stary pod wp\u0142ywem wilgoci utraci\u0142 w\u0142a\u015bciwo\u015bci.<\/li>\n<li><strong>Masz w\u0105tpliwo\u015bci?<\/strong> Skontaktuj si\u0119 z <a href=\"https:\/\/uokik.gov.pl\/wazne_adresy.php#faq595\">Inspekcj\u0105 Handlow\u0105<\/a>.<\/li>\n<\/ul>\n<p><strong>Wi\u0119cej informacji <a href=\"https:\/\/www.uokik.gov.pl\/download.php?plik=16495\">w poradniku UOKiK<\/a><\/strong><\/p>\n<p><strong>Dodatkowe informacje dla medi\u00f3w:<\/strong><\/p>\n<p>Biuro Prasowe UOKiK<br \/>\nPl. Powsta\u0144c\u00f3w Warszawy 1, 00-950 Warszawa<br \/>\nTel. 695\u00a0902 088<br \/>\nE-mail: <a href=\"mailto:malgorzata.cieloch@uokik.gov.pl\">biuroprasowe@uokik.gov.pl<\/a><\/p>\n<p>Twitter: <a href=\"https:\/\/twitter.com\/UOKiKgovPL\">@UOKiKgovPL<\/a><\/p>\n<p>&nbsp;<\/p>\n<p>\u0179r\u00f3d\u0142o:\u00a0<a href=\"https:\/\/www.uokik.gov.pl\/aktualnosci.php?news_id=13888\">https:\/\/www.uokik.gov.pl\/aktualnosci.php?news_id=13888<\/a><\/p>\n","protected":false},"excerpt":{"rendered":"","protected":false},"author":1,"featured_media":0,"comment_status":"closed","ping_status":"closed","sticky":false,"template":"","format":"standard","meta":{"cybocfi_hide_featured_image":"","footnotes":""},"categories":[1],"tags":[],"class_list":["post-109","post","type-post","status-publish","format-standard","hentry","category-news"],"_links":{"self":[{"href":"https:\/\/ih.olsztyn.pl\/index.php\/wp-json\/wp\/v2\/posts\/109","targetHints":{"allow":["GET"]}}],"collection":[{"href":"https:\/\/ih.olsztyn.pl\/index.php\/wp-json\/wp\/v2\/posts"}],"about":[{"href":"https:\/\/ih.olsztyn.pl\/index.php\/wp-json\/wp\/v2\/types\/post"}],"author":[{"embeddable":true,"href":"https:\/\/ih.olsztyn.pl\/index.php\/wp-json\/wp\/v2\/users\/1"}],"replies":[{"embeddable":true,"href":"https:\/\/ih.olsztyn.pl\/index.php\/wp-json\/wp\/v2\/comments?post=109"}],"version-history":[{"count":2,"href":"https:\/\/ih.olsztyn.pl\/index.php\/wp-json\/wp\/v2\/posts\/109\/revisions"}],"predecessor-version":[{"id":128,"href":"https:\/\/ih.olsztyn.pl\/index.php\/wp-json\/wp\/v2\/posts\/109\/revisions\/128"}],"wp:attachment":[{"href":"https:\/\/ih.olsztyn.pl\/index.php\/wp-json\/wp\/v2\/media?parent=109"}],"wp:term":[{"taxonomy":"category","embeddable":true,"href":"https:\/\/ih.olsztyn.pl\/index.php\/wp-json\/wp\/v2\/categories?post=109"},{"taxonomy":"post_tag","embeddable":true,"href":"https:\/\/ih.olsztyn.pl\/index.php\/wp-json\/wp\/v2\/tags?post=109"}],"curies":[{"name":"wp","href":"https:\/\/api.w.org\/{rel}","templated":true}]}}